{"id":530,"date":"2026-03-27T10:28:15","date_gmt":"2026-03-27T16:28:15","guid":{"rendered":"https:\/\/eldiariorepublicamx.com\/?p=530"},"modified":"2026-03-27T10:28:15","modified_gmt":"2026-03-27T16:28:15","slug":"presidenta-sheinbaum-critica-que-senadores-rechazaran-adelantar-consulta-de-revocacion","status":"publish","type":"post","link":"https:\/\/eldiariorepublicamx.com\/?p=530","title":{"rendered":"Presidenta Sheinbaum critica que senadores rechazaran adelantar consulta de revocaci\u00f3n"},"content":{"rendered":"<p>La presidenta Claudia Sheinbaum consider\u00f3 negativo para la naci\u00f3n que el Senado no aprobara la propuesta para realizar la revocaci\u00f3n de mandato en el tercer a\u00f1o de gobierno, empat\u00e1ndola con los comicios de 2027.<\/p>\n<h3>Oposici\u00f3n por temor electoral seg\u00fan Sheinbaum<\/h3>\n<p>La mandataria federal se\u00f1al\u00f3 que la iniciativa no fue avalada probablemente porque los partidos pol\u00edticos sintieron temor de que su presencia en la boleta electoral durante procesos concurrentes pudiera generar un desequilibrio en la competencia, beneficiando a Morena. &#8220;Desde mi perspectiva, eso es lo que a ellos les dio temor, aunque en realidad no tienen raz\u00f3n, porque una cosa es la revocaci\u00f3n de mandato y otra cosa es la votaci\u00f3n constitucional para diputados, para presidentes municipales&#8221;, expuso.<\/p>\n<p>Sheinbaum record\u00f3 que el PAN, el PRI y Movimiento Ciudadano, junto con los seis senadores del Partido del Trabajo liderados por Alberto Anaya, rechazaron la modificaci\u00f3n. Sostuvo que ninguno de los argumentos presentados en el Pleno era suficiente para justificar que la revocaci\u00f3n no se pudiera realizar en 2027, o para futuros mandatarios en 2033 y sucesivamente.<\/p>\n<h3>Destaca avances en la reforma electoral<\/h3>\n<p>Pese al rev\u00e9s, la presidenta destac\u00f3 que se logr\u00f3 aprobar lo principal de la reforma electoral, que es disminuir privilegios, esencia de la lucha de su movimiento. Subray\u00f3 que la Cuarta Transformaci\u00f3n lucha por acabar con el r\u00e9gimen de corrupci\u00f3n y privilegios que prevaleci\u00f3 por lo menos 36 a\u00f1os en M\u00e9xico. &#8220;Yo pienso que es malo para el pa\u00eds que no se haya aprobado, pero bueno, as\u00ed lo decidieron. Ahora, el PT vot\u00f3 en contra, pero tambi\u00e9n todos los otros partidos votaron en contra. Eso es muy importante&#8221;, afirm\u00f3.<\/p>\n<p>Cuestionada sobre por qu\u00e9 es negativo no aprobar adelantar la revocaci\u00f3n, Sheinbaum explic\u00f3 que este ejercicio de democracia participativa ya existe y lo que se neg\u00f3 fue la posibilidad de que se realice a petici\u00f3n ciudadana mediante firmas durante las elecciones intermedias. &#8220;\u00bfPor qu\u00e9 negar esta posibilidad? \u00bfQu\u00e9 problema tiene? Ninguno. Entonces, por eso pienso que no es bueno que no se abra la posibilidad de que sea en el tercero o en el cuarto a\u00f1o. Tampoco es grav\u00edsimo&#8221;, se\u00f1al\u00f3.<\/p>\n<h3>Reacciones pol\u00edticas y an\u00e1lisis<\/h3>\n<p>Luisa Mar\u00eda Alcalde, dirigente nacional de Morena, calific\u00f3 el Plan B de la presidenta Sheinbaum como un triunfo del pueblo mexicano porque termina con los privilegios de unos cuantos y fortalece la democracia.<\/p>\n<p>Desde una perspectiva anal\u00edtica, Fernando Dworak, coordinador acad\u00e9mico de un diplomado del ITAM, opin\u00f3 que tras meses de especulaciones, el proceso termin\u00f3 en un &#8220;parto de los montes&#8221;, marcando un parteaguas para el sexenio donde alguien deber\u00e1 asumir responsabilidades para salvar la cara de la presidenta.<\/p>\n<p>Por su parte, el consultor Mauricio Alfaro de Integralia Consultores mencion\u00f3 que los partidos actuaron por su propio inter\u00e9s y supervivencia, y que la iniciativa enfrentaba mucha resistencia desde el inicio.<\/p>\n<p>En la C\u00e1mara de Diputados, el coordinador de Morena, Ricardo Monreal, afirm\u00f3 que se mantiene la unidad con los tres partidos de la alianza para votar el dictamen el 7 de abril, ya sin la modificaci\u00f3n del art\u00edculo 35 sobre la revocaci\u00f3n.<\/p>\n","protected":false},"excerpt":{"rendered":"<p>La presidenta Claudia Sheinbaum consider\u00f3 negativo para la naci\u00f3n que el Senado no aprobara la propuesta para realizar la revocaci\u00f3n de mandato en el tercer&hellip;<\/p>\n","protected":false},"author":2,"featured_media":531,"comment_status":"open","ping_status":"open","sticky":false,"template":"","format":"standard","meta":{"footnotes":""},"categories":[252],"tags":[13,18,14,305,76],"class_list":["post-530","post","type-post","status-publish","format-standard","has-post-thumbnail","hentry","category-agenda-nacional","tag-claudia-sheinbaum","tag-morena","tag-reforma-electoral","tag-revocacion-de-mandato","tag-senado"],"_links":{"self":[{"href":"https:\/\/eldiariorepublicamx.com\/index.php?rest_route=\/wp\/v2\/posts\/530","targetHints":{"allow":["GET"]}}],"collection":[{"href":"https:\/\/eldiariorepublicamx.com\/index.php?rest_route=\/wp\/v2\/posts"}],"about":[{"href":"https:\/\/eldiariorepublicamx.com\/index.php?rest_route=\/wp\/v2\/types\/post"}],"author":[{"embeddable":true,"href":"https:\/\/eldiariorepublicamx.com\/index.php?rest_route=\/wp\/v2\/users\/2"}],"replies":[{"embeddable":true,"href":"https:\/\/eldiariorepublicamx.com\/index.php?rest_route=%2Fwp%2Fv2%2Fcomments&post=530"}],"version-history":[{"count":0,"href":"https:\/\/eldiariorepublicamx.com\/index.php?rest_route=\/wp\/v2\/posts\/530\/revisions"}],"wp:featuredmedia":[{"embeddable":true,"href":"https:\/\/eldiariorepublicamx.com\/index.php?rest_route=\/wp\/v2\/media\/531"}],"wp:attachment":[{"href":"https:\/\/eldiariorepublicamx.com\/index.php?rest_route=%2Fwp%2Fv2%2Fmedia&parent=530"}],"wp:term":[{"taxonomy":"category","embeddable":true,"href":"https:\/\/eldiariorepublicamx.com\/index.php?rest_route=%2Fwp%2Fv2%2Fcategories&post=530"},{"taxonomy":"post_tag","embeddable":true,"href":"https:\/\/eldiariorepublicamx.com\/index.php?rest_route=%2Fwp%2Fv2%2Ftags&post=530"}],"curies":[{"name":"wp","href":"https:\/\/api.w.org\/{rel}","templated":true}]}}