{"id":528,"date":"2026-03-27T10:28:11","date_gmt":"2026-03-27T16:28:11","guid":{"rendered":"https:\/\/eldiariorepublicamx.com\/?p=528"},"modified":"2026-03-29T17:24:07","modified_gmt":"2026-03-29T23:24:07","slug":"autoridades-federales-solicitan-regularizaciu00f3n-de-concesiones-hu00eddricas-para-acceder-a-programa-de-agua","status":"publish","type":"post","link":"https:\/\/eldiariorepublicamx.com\/?p=528","title":{"rendered":"Autoridades federales solicitan regularizaci\u00f3n de concesiones h\u00eddricas para acceder a programa de agua"},"content":{"rendered":"\n<p>El gobierno federal de M\u00e9xico ha establecido como requisito la regularizaci\u00f3n de las concesiones de agua para que los interesados puedan formar parte del Programa de Escuelas de Usos del Agua (PEUA).<\/p>\n\n\n\n<h3 class=\"wp-block-heading\">Contexto del programa federal<\/h3>\n\n\n\n<p>Esta medida forma parte de las pol\u00edticas p\u00fablicas implementadas por la administraci\u00f3n para garantizar un manejo ordenado y legal del recurso h\u00eddrico en el pa\u00eds.<\/p>\n\n\n\n<h3 class=\"wp-block-heading\">Otras noticias en la agenda<\/h3>\n\n\n\n<p>En otro orden de ideas, la presidenta Claudia Sheinbaum conmemor\u00f3 el D\u00eda Internacional de la Mujer con un evento bajo el lema &#8220;Avanza una y lo hacemos todas&#8221;.<\/p>\n\n\n\n<p>Tambi\u00e9n se report\u00f3 un avistamiento hist\u00f3rico de una ballena azul de color blanco en las aguas de Loreto.<\/p>\n\n\n\n<h3 class=\"wp-block-heading\">Investigaci\u00f3n cient\u00edfica nacional<\/h3>\n\n\n\n<p>En el \u00e1mbito de la ciencia, la doctora Silvia Arzola Rodr\u00edguez, investigadora de la Universidad Aut\u00f3noma de Chihuahua (UACH), inform\u00f3 sobre el desarrollo de un producto para combatir el c\u00e1ncer destinado a reducir los efectos adversos de la quimioterapia.<\/p>\n","protected":false},"excerpt":{"rendered":"<p>El gobierno federal de M\u00e9xico ha establecido como requisito la regularizaci\u00f3n de las concesiones de agua para que los interesados puedan formar parte del Programa&hellip;<\/p>\n","protected":false},"author":2,"featured_media":529,"comment_status":"open","ping_status":"open","sticky":false,"template":"","format":"standard","meta":{"footnotes":""},"categories":[252,290],"tags":[422,13,423,96,425,424],"class_list":["post-528","post","type-post","status-publish","format-standard","has-post-thumbnail","hentry","category-agenda-nacional","category-sociedad-y-cultura","tag-agua","tag-claudia-sheinbaum","tag-concesiones","tag-gobierno-federal","tag-mu00e9xico","tag-peua"],"_links":{"self":[{"href":"https:\/\/eldiariorepublicamx.com\/index.php?rest_route=\/wp\/v2\/posts\/528","targetHints":{"allow":["GET"]}}],"collection":[{"href":"https:\/\/eldiariorepublicamx.com\/index.php?rest_route=\/wp\/v2\/posts"}],"about":[{"href":"https:\/\/eldiariorepublicamx.com\/index.php?rest_route=\/wp\/v2\/types\/post"}],"author":[{"embeddable":true,"href":"https:\/\/eldiariorepublicamx.com\/index.php?rest_route=\/wp\/v2\/users\/2"}],"replies":[{"embeddable":true,"href":"https:\/\/eldiariorepublicamx.com\/index.php?rest_route=%2Fwp%2Fv2%2Fcomments&post=528"}],"version-history":[{"count":2,"href":"https:\/\/eldiariorepublicamx.com\/index.php?rest_route=\/wp\/v2\/posts\/528\/revisions"}],"predecessor-version":[{"id":594,"href":"https:\/\/eldiariorepublicamx.com\/index.php?rest_route=\/wp\/v2\/posts\/528\/revisions\/594"}],"wp:featuredmedia":[{"embeddable":true,"href":"https:\/\/eldiariorepublicamx.com\/index.php?rest_route=\/wp\/v2\/media\/529"}],"wp:attachment":[{"href":"https:\/\/eldiariorepublicamx.com\/index.php?rest_route=%2Fwp%2Fv2%2Fmedia&parent=528"}],"wp:term":[{"taxonomy":"category","embeddable":true,"href":"https:\/\/eldiariorepublicamx.com\/index.php?rest_route=%2Fwp%2Fv2%2Fcategories&post=528"},{"taxonomy":"post_tag","embeddable":true,"href":"https:\/\/eldiariorepublicamx.com\/index.php?rest_route=%2Fwp%2Fv2%2Ftags&post=528"}],"curies":[{"name":"wp","href":"https:\/\/api.w.org\/{rel}","templated":true}]}}