{"id":526,"date":"2026-03-27T10:28:09","date_gmt":"2026-03-27T16:28:09","guid":{"rendered":"https:\/\/eldiariorepublicamx.com\/?p=526"},"modified":"2026-03-27T10:28:09","modified_gmt":"2026-03-27T16:28:09","slug":"presidenta-sheinbaum-dirige-conferencia-matutina-con-enfoque-en-informe-de-desaparecidos","status":"publish","type":"post","link":"https:\/\/eldiariorepublicamx.com\/?p=526","title":{"rendered":"Presidenta Sheinbaum dirige conferencia matutina con enfoque en informe de desaparecidos"},"content":{"rendered":"<p>La Jefa de Gobierno de la Ciudad de M\u00e9xico, Claudia Sheinbaum Pardo, presidi\u00f3 este 26 de marzo la sesi\u00f3n de &#8220;Las Ma\u00f1aneras del Pueblo&#8221; a partir de las 07:30 horas, desde el sal\u00f3n Tesorer\u00eda del Palacio Nacional.<\/p>\n<h3>Agenda de la conferencia<\/h3>\n<p>Durante el encuentro con medios de comunicaci\u00f3n, se tiene previsto presentar un reporte pormenorizado sobre las estad\u00edsticas de personas desaparecidas en el pa\u00eds.<\/p>\n<p>Asimismo, se expondr\u00e1n las diversas acciones y estrategias que la administraci\u00f3n federal est\u00e1 implementando para enfrentar este delito y lograr el hallazgo de las v\u00edctimas.<\/p>\n","protected":false},"excerpt":{"rendered":"<p>La Jefa de Gobierno de la Ciudad de M\u00e9xico, Claudia Sheinbaum Pardo, presidi\u00f3 este 26 de marzo la sesi\u00f3n de &#8220;Las Ma\u00f1aneras del Pueblo&#8221; a&hellip;<\/p>\n","protected":false},"author":2,"featured_media":527,"comment_status":"open","ping_status":"open","sticky":false,"template":"","format":"standard","meta":{"footnotes":""},"categories":[252],"tags":[403,96,404,17,288],"class_list":["post-526","post","type-post","status-publish","format-standard","has-post-thumbnail","hentry","category-agenda-nacional","tag-desaparecidos","tag-gobierno-federal","tag-mananera","tag-palacio-nacional","tag-sheinbaum"],"_links":{"self":[{"href":"https:\/\/eldiariorepublicamx.com\/index.php?rest_route=\/wp\/v2\/posts\/526","targetHints":{"allow":["GET"]}}],"collection":[{"href":"https:\/\/eldiariorepublicamx.com\/index.php?rest_route=\/wp\/v2\/posts"}],"about":[{"href":"https:\/\/eldiariorepublicamx.com\/index.php?rest_route=\/wp\/v2\/types\/post"}],"author":[{"embeddable":true,"href":"https:\/\/eldiariorepublicamx.com\/index.php?rest_route=\/wp\/v2\/users\/2"}],"replies":[{"embeddable":true,"href":"https:\/\/eldiariorepublicamx.com\/index.php?rest_route=%2Fwp%2Fv2%2Fcomments&post=526"}],"version-history":[{"count":0,"href":"https:\/\/eldiariorepublicamx.com\/index.php?rest_route=\/wp\/v2\/posts\/526\/revisions"}],"wp:featuredmedia":[{"embeddable":true,"href":"https:\/\/eldiariorepublicamx.com\/index.php?rest_route=\/wp\/v2\/media\/527"}],"wp:attachment":[{"href":"https:\/\/eldiariorepublicamx.com\/index.php?rest_route=%2Fwp%2Fv2%2Fmedia&parent=526"}],"wp:term":[{"taxonomy":"category","embeddable":true,"href":"https:\/\/eldiariorepublicamx.com\/index.php?rest_route=%2Fwp%2Fv2%2Fcategories&post=526"},{"taxonomy":"post_tag","embeddable":true,"href":"https:\/\/eldiariorepublicamx.com\/index.php?rest_route=%2Fwp%2Fv2%2Ftags&post=526"}],"curies":[{"name":"wp","href":"https:\/\/api.w.org\/{rel}","templated":true}]}}