{"id":522,"date":"2026-03-27T10:28:06","date_gmt":"2026-03-27T16:28:06","guid":{"rendered":"https:\/\/eldiariorepublicamx.com\/?p=522"},"modified":"2026-03-27T10:28:06","modified_gmt":"2026-03-27T16:28:06","slug":"mandataria-sheinbaum-confirma-avance-en-reformas-constitucionales-centrales-de-su-gobierno","status":"publish","type":"post","link":"https:\/\/eldiariorepublicamx.com\/?p=522","title":{"rendered":"Mandataria Sheinbaum confirma avance en reformas constitucionales centrales de su gobierno"},"content":{"rendered":"<p>La presidenta de M\u00e9xico, Claudia Sheinbaum, anunci\u00f3 que las modificaciones constitucionales m\u00e1s trascendentales de su gesti\u00f3n ya han sido ratificadas, cumpliendo as\u00ed con el compromiso establecido en el Plan C de 2024.<\/p>\n<h3>Anuncio desde Palacio Nacional<\/h3>\n<p>Durante su conferencia habitual realizada desde la sede del gobierno federal, la mandataria enumer\u00f3 las \u00e1reas donde se han concretado estas transformaciones, destacando el \u00e1mbito judicial, el sector energ\u00e9tico y los derechos de los pueblos ind\u00edgenas.<\/p>\n<p>Respecto a este \u00faltimo punto, Sheinbaum subray\u00f3 su car\u00e1cter hist\u00f3rico, al tratarse del primer reconocimiento pleno de estos derechos en la Carta Magna del pa\u00eds.<\/p>\n<blockquote><p>\u201cHay muchas reformas constitucionales que ya se hicieron con el plan C de 2024\u201d<\/p><\/blockquote>\n<h3>Objetivos y visi\u00f3n de las reformas<\/h3>\n<p>Explic\u00f3 que el prop\u00f3sito central de estas enmiendas es restaurar principios que, en su opini\u00f3n, fueron erosionados en etapas anteriores del pa\u00eds. La jefa del Ejecutivo tambi\u00e9n revel\u00f3 que su agenda futura incluye una reforma al sistema electoral.<\/p>\n<p>Esta iniciativa buscar\u00eda disminuir los gastos de los procesos electorales y transformar el mecanismo de asignaci\u00f3n de diputados plurinominales, para que todos los representantes federales requieran el sufragio directo de los ciudadanos.<\/p>\n<h3>Proyecciones a mediano plazo<\/h3>\n<p>Asimismo, anticip\u00f3 que, posterior al a\u00f1o 2027, podr\u00eda reactivarse una propuesta para robustecer los mecanismos de democracia participativa a nivel local.<\/p>\n<p>Este fortalecimiento se materializar\u00eda mediante consultas populares y la potencial implementaci\u00f3n de herramientas de votaci\u00f3n electr\u00f3nica, con el fin de hacer m\u00e1s accesible la intervenci\u00f3n ciudadana en la toma de decisiones p\u00fablicas.<\/p>\n","protected":false},"excerpt":{"rendered":"<p>La presidenta de M\u00e9xico, Claudia Sheinbaum, anunci\u00f3 que las modificaciones constitucionales m\u00e1s trascendentales de su gesti\u00f3n ya han sido ratificadas, cumpliendo as\u00ed con el compromiso&hellip;<\/p>\n","protected":false},"author":2,"featured_media":523,"comment_status":"open","ping_status":"open","sticky":false,"template":"","format":"standard","meta":{"footnotes":""},"categories":[252],"tags":[13,416,417,418,370],"class_list":["post-522","post","type-post","status-publish","format-standard","has-post-thumbnail","hentry","category-agenda-nacional","tag-claudia-sheinbaum","tag-plan-c","tag-poder-judicial","tag-pueblos-originarios","tag-reformas-constitucionales"],"_links":{"self":[{"href":"https:\/\/eldiariorepublicamx.com\/index.php?rest_route=\/wp\/v2\/posts\/522","targetHints":{"allow":["GET"]}}],"collection":[{"href":"https:\/\/eldiariorepublicamx.com\/index.php?rest_route=\/wp\/v2\/posts"}],"about":[{"href":"https:\/\/eldiariorepublicamx.com\/index.php?rest_route=\/wp\/v2\/types\/post"}],"author":[{"embeddable":true,"href":"https:\/\/eldiariorepublicamx.com\/index.php?rest_route=\/wp\/v2\/users\/2"}],"replies":[{"embeddable":true,"href":"https:\/\/eldiariorepublicamx.com\/index.php?rest_route=%2Fwp%2Fv2%2Fcomments&post=522"}],"version-history":[{"count":0,"href":"https:\/\/eldiariorepublicamx.com\/index.php?rest_route=\/wp\/v2\/posts\/522\/revisions"}],"wp:featuredmedia":[{"embeddable":true,"href":"https:\/\/eldiariorepublicamx.com\/index.php?rest_route=\/wp\/v2\/media\/523"}],"wp:attachment":[{"href":"https:\/\/eldiariorepublicamx.com\/index.php?rest_route=%2Fwp%2Fv2%2Fmedia&parent=522"}],"wp:term":[{"taxonomy":"category","embeddable":true,"href":"https:\/\/eldiariorepublicamx.com\/index.php?rest_route=%2Fwp%2Fv2%2Fcategories&post=522"},{"taxonomy":"post_tag","embeddable":true,"href":"https:\/\/eldiariorepublicamx.com\/index.php?rest_route=%2Fwp%2Fv2%2Ftags&post=522"}],"curies":[{"name":"wp","href":"https:\/\/api.w.org\/{rel}","templated":true}]}}