{"id":518,"date":"2026-03-27T10:28:01","date_gmt":"2026-03-27T16:28:01","guid":{"rendered":"https:\/\/eldiariorepublicamx.com\/?p=518"},"modified":"2026-03-27T10:28:01","modified_gmt":"2026-03-27T16:28:01","slug":"sergio-perez-no-recibe-penalizacion-tras-choque-con-alex-albon-en-japon","status":"publish","type":"post","link":"https:\/\/eldiariorepublicamx.com\/?p=518","title":{"rendered":"Sergio P\u00e9rez no recibe penalizaci\u00f3n tras choque con Alex Albon en Jap\u00f3n"},"content":{"rendered":"<p>Los comisarios de la Federaci\u00f3n Internacional del Autom\u00f3vil (FIA) decidieron no sancionar a los pilotos Sergio P\u00e9rez y Alex Albon tras el choque que protagonizaron durante la primera sesi\u00f3n de entrenamientos libres del Gran Premio de Jap\u00f3n en el circuito de Suzuka.<\/p>\n<h3>Detalles del incidente en pista<\/h3>\n<p>El contacto ocurri\u00f3 en los minutos finales de la primera pr\u00e1ctica, cuando el Williams de Albon, que circulaba por la parte interna, toc\u00f3 con su neum\u00e1tico delantero izquierdo el lateral del Cadillac de P\u00e9rez, que iba por el exterior. La colisi\u00f3n provoc\u00f3 da\u00f1os en ambos monoplazas y el Williams de Albon gir\u00f3, dejando restos en el asfalto.<\/p>\n<p>Inmediatamente despu\u00e9s del incidente, ambos pilotos fueron citados por los comisarios entre las dos sesiones de pr\u00e1ctica para una investigaci\u00f3n que se desarroll\u00f3 en paralelo a la segunda tanda de entrenamientos.<\/p>\n<h3>Explicaciones de los pilotos y equipos<\/h3>\n<p>En su declaraci\u00f3n, el piloto mexicano explic\u00f3 que estaba simulando una vuelta de carrera y estaba por comenzar otra. Indic\u00f3 que hab\u00eda visto al auto de Albon a cierta distancia cuando sali\u00f3 de la curva 14, pero no lo volvi\u00f3 a ver. P\u00e9rez afirm\u00f3 que su espejo virtual no funcionaba y que no recibi\u00f3 advertencia alguna de su equipo sobre la aproximaci\u00f3n del Williams.<\/p>\n<blockquote><p>&#8220;El piloto del auto 11 afirm\u00f3 que no vio al auto 23, su espejo virtual no funcionaba y no hab\u00eda recibido ninguna advertencia de su equipo sobre la aproximaci\u00f3n del auto 23&#8221;, se\u00f1al\u00f3 el comunicado oficial.<\/p><\/blockquote>\n<p>Por su parte, Alex Albon declar\u00f3 que, debido a la l\u00ednea amplia que tom\u00f3 el Cadillac de P\u00e9rez al entrar a la curva 16, crey\u00f3 que el mexicano le estaba cediendo el paso para que lo adelantara por el interior. Ambos pilotos manifestaron su sorpresa por la velocidad con la que se cerr\u00f3 la distancia entre los veh\u00edculos.<\/p>\n<p>El equipo de Cadillac confirm\u00f3 la falta de comunicaci\u00f3n hacia su piloto, explicando que asumieron que el Williams mantendr\u00eda su posici\u00f3n y no advirtieron a P\u00e9rez sobre el r\u00e1pido acercamiento de Albon.<\/p>\n<h3>Resoluci\u00f3n y consecuencias deportivas<\/h3>\n<p>Tras escuchar a los pilotos y a los representantes de los equipos, y revisar las pruebas de video, las comunicaciones por radio y las grabaciones de las c\u00e1maras a bordo, los comisarios determinaron que la colisi\u00f3n fue resultado de un malentendido al que contribuy\u00f3 la falta de comunicaci\u00f3n del equipo de Cadillac hacia P\u00e9rez.<\/p>\n<blockquote><p>&#8220;Ambos pilotos aceptaron que ninguno de ellos fue total o predominantemente culpable de lo sucedido. En consecuencia, los Comisarios determinaron no tomar m\u00e1s acciones&#8221;, concluy\u00f3 el documento.<\/p><\/blockquote>\n<p>En el plano deportivo, Albon perdi\u00f3 los primeros minutos de la pr\u00e1ctica debido a trabajos en su Williams, mientras que Sergio P\u00e9rez finaliz\u00f3 como el mejor piloto de Cadillac, por delante de Valtteri Bottas, aunque a m\u00e1s de dos segundos de los Mercedes.<\/p>\n","protected":false},"excerpt":{"rendered":"<p>Los comisarios de la Federaci\u00f3n Internacional del Autom\u00f3vil (FIA) decidieron no sancionar a los pilotos Sergio P\u00e9rez y Alex Albon tras el choque que protagonizaron&hellip;<\/p>\n","protected":false},"author":2,"featured_media":519,"comment_status":"open","ping_status":"open","sticky":false,"template":"","format":"standard","meta":{"footnotes":""},"categories":[291],"tags":[407,410,408,409,406],"class_list":["post-518","post","type-post","status-publish","format-standard","has-post-thumbnail","hentry","category-deportes","tag-alex-albon","tag-fia","tag-formula-1","tag-gran-premio-de-japon","tag-sergio-perez"],"_links":{"self":[{"href":"https:\/\/eldiariorepublicamx.com\/index.php?rest_route=\/wp\/v2\/posts\/518","targetHints":{"allow":["GET"]}}],"collection":[{"href":"https:\/\/eldiariorepublicamx.com\/index.php?rest_route=\/wp\/v2\/posts"}],"about":[{"href":"https:\/\/eldiariorepublicamx.com\/index.php?rest_route=\/wp\/v2\/types\/post"}],"author":[{"embeddable":true,"href":"https:\/\/eldiariorepublicamx.com\/index.php?rest_route=\/wp\/v2\/users\/2"}],"replies":[{"embeddable":true,"href":"https:\/\/eldiariorepublicamx.com\/index.php?rest_route=%2Fwp%2Fv2%2Fcomments&post=518"}],"version-history":[{"count":0,"href":"https:\/\/eldiariorepublicamx.com\/index.php?rest_route=\/wp\/v2\/posts\/518\/revisions"}],"wp:featuredmedia":[{"embeddable":true,"href":"https:\/\/eldiariorepublicamx.com\/index.php?rest_route=\/wp\/v2\/media\/519"}],"wp:attachment":[{"href":"https:\/\/eldiariorepublicamx.com\/index.php?rest_route=%2Fwp%2Fv2%2Fmedia&parent=518"}],"wp:term":[{"taxonomy":"category","embeddable":true,"href":"https:\/\/eldiariorepublicamx.com\/index.php?rest_route=%2Fwp%2Fv2%2Fcategories&post=518"},{"taxonomy":"post_tag","embeddable":true,"href":"https:\/\/eldiariorepublicamx.com\/index.php?rest_route=%2Fwp%2Fv2%2Ftags&post=518"}],"curies":[{"name":"wp","href":"https:\/\/api.w.org\/{rel}","templated":true}]}}