{"id":516,"date":"2026-03-27T10:27:59","date_gmt":"2026-03-27T16:27:59","guid":{"rendered":"https:\/\/eldiariorepublicamx.com\/?p=516"},"modified":"2026-03-27T10:27:59","modified_gmt":"2026-03-27T16:27:59","slug":"presidenta-sheinbaum-expone-datos-sobre-desaparecidos-en-mexico-durante-conferencia-mananera","status":"publish","type":"post","link":"https:\/\/eldiariorepublicamx.com\/?p=516","title":{"rendered":"Presidenta Sheinbaum expone datos sobre desaparecidos en M\u00e9xico durante conferencia ma\u00f1anera"},"content":{"rendered":"<p>Durante la conferencia matutina de este viernes, la presidenta Claudia Sheinbaum Pardo present\u00f3 un informe sobre la estrategia de b\u00fasqueda y localizaci\u00f3n de personas desaparecidas en M\u00e9xico, revelando cifras significativas sobre este tema. El informe, expuesto desde Palacio Nacional, detalla que desde la creaci\u00f3n del Registro Nacional de Personas Desaparecidas y No Localizadas se han registrado 394 mil 645 casos en el pa\u00eds.<\/p>\n<h3>Resultados de la estrategia de b\u00fasqueda<\/h3>\n<p>De acuerdo con los datos ofrecidos durante la ma\u00f1anera, el 66% de las personas reportadas como desaparecidas, equivalente a 262 mil 111 individuos, han sido localizadas. De este grupo, 240 mil 211 fueron encontrados con vida, lo que representa un avance importante en los esfuerzos de localizaci\u00f3n impulsados por el gobierno federal.<\/p>\n<h3>Desaf\u00edos en las investigaciones<\/h3>\n<p>El informe tambi\u00e9n destac\u00f3 los obst\u00e1culos que enfrentan las autoridades en este proceso. Se se\u00f1al\u00f3 que en el 36% de los casos no existen datos personales suficientes para avanzar en las investigaciones, mientras que el 31% presenta actividades o registros posteriores a la fecha de desaparici\u00f3n. El 33% restante, que no muestra ninguna actividad hasta el momento, mantiene abiertas las l\u00edneas de b\u00fasqueda por parte del Estado mexicano.<\/p>\n<h3>Contexto hist\u00f3rico del fen\u00f3meno<\/h3>\n<p>F\u00e9lix Arturo Medina Padilla, subsecretario de Derechos Humanos, Poblaci\u00f3n y Migraci\u00f3n, fue el encargado de presentar el an\u00e1lisis durante la conferencia. El funcionario explic\u00f3 que el delito de desaparici\u00f3n puede entenderse a partir de dos momentos hist\u00f3ricos clave en M\u00e9xico. El primero corresponde a la llamada Guerra Sucia en el siglo XX, mientras que el segundo se ubica en el contexto de la guerra contra el narcotr\u00e1fico, etapa en la que se ha intensificado este fen\u00f3meno en el pa\u00eds.<\/p>\n<p>La presidenta Sheinbaum contin\u00faa utilizando el espacio de la ma\u00f1anera para informar sobre temas de relevancia nacional e internacional y responder las preguntas de la prensa, reforzando la transparencia y el compromiso de su gobierno con los derechos humanos y la seguridad de la poblaci\u00f3n.<\/p>\n","protected":false},"excerpt":{"rendered":"<p>Durante la conferencia matutina de este viernes, la presidenta Claudia Sheinbaum Pardo present\u00f3 un informe sobre la estrategia de b\u00fasqueda y localizaci\u00f3n de personas desaparecidas&hellip;<\/p>\n","protected":false},"author":2,"featured_media":517,"comment_status":"open","ping_status":"open","sticky":false,"template":"","format":"standard","meta":{"footnotes":""},"categories":[251],"tags":[13,403,405,404,400],"class_list":["post-516","post","type-post","status-publish","format-standard","has-post-thumbnail","hentry","category-la-mananera-en-breve","tag-claudia-sheinbaum","tag-desaparecidos","tag-localizacion","tag-mananera","tag-registro-nacional"],"_links":{"self":[{"href":"https:\/\/eldiariorepublicamx.com\/index.php?rest_route=\/wp\/v2\/posts\/516","targetHints":{"allow":["GET"]}}],"collection":[{"href":"https:\/\/eldiariorepublicamx.com\/index.php?rest_route=\/wp\/v2\/posts"}],"about":[{"href":"https:\/\/eldiariorepublicamx.com\/index.php?rest_route=\/wp\/v2\/types\/post"}],"author":[{"embeddable":true,"href":"https:\/\/eldiariorepublicamx.com\/index.php?rest_route=\/wp\/v2\/users\/2"}],"replies":[{"embeddable":true,"href":"https:\/\/eldiariorepublicamx.com\/index.php?rest_route=%2Fwp%2Fv2%2Fcomments&post=516"}],"version-history":[{"count":0,"href":"https:\/\/eldiariorepublicamx.com\/index.php?rest_route=\/wp\/v2\/posts\/516\/revisions"}],"wp:featuredmedia":[{"embeddable":true,"href":"https:\/\/eldiariorepublicamx.com\/index.php?rest_route=\/wp\/v2\/media\/517"}],"wp:attachment":[{"href":"https:\/\/eldiariorepublicamx.com\/index.php?rest_route=%2Fwp%2Fv2%2Fmedia&parent=516"}],"wp:term":[{"taxonomy":"category","embeddable":true,"href":"https:\/\/eldiariorepublicamx.com\/index.php?rest_route=%2Fwp%2Fv2%2Fcategories&post=516"},{"taxonomy":"post_tag","embeddable":true,"href":"https:\/\/eldiariorepublicamx.com\/index.php?rest_route=%2Fwp%2Fv2%2Ftags&post=516"}],"curies":[{"name":"wp","href":"https:\/\/api.w.org\/{rel}","templated":true}]}}