{"id":514,"date":"2026-03-27T08:25:58","date_gmt":"2026-03-27T14:25:58","guid":{"rendered":"https:\/\/eldiariorepublicamx.com\/?p=514"},"modified":"2026-03-27T08:25:58","modified_gmt":"2026-03-27T14:25:58","slug":"durante-la-conferencia-la-presidenta-aborda-cifras-nacionales-sobre-desapariciones-y-reformas-implementadas","status":"publish","type":"post","link":"https:\/\/eldiariorepublicamx.com\/?p=514","title":{"rendered":"Durante la conferencia, la presidenta aborda cifras nacionales sobre desapariciones y reformas implementadas"},"content":{"rendered":"<p>La presidenta de la Rep\u00fablica, Claudia Sheinbaum, condujo la emisi\u00f3n de la conferencia &#8220;Ma\u00f1anera del Pueblo&#8221; este viernes desde Palacio Nacional, en la cual se ofrecieron datos actualizados sobre el fen\u00f3meno de las desapariciones en el pa\u00eds y se destacaron las acciones gubernamentales para atenderlo.<\/p>\n<h3>Cifras actualizadas sobre localizaci\u00f3n<\/h3>\n<p>En el transcurso de la sesi\u00f3n, se inform\u00f3 que en M\u00e9xico se han registrado un total de 394 mil 645 casos de personas desaparecidas desde la creaci\u00f3n del Registro Nacional correspondiente. De esta cifra, se destac\u00f3 que el 66 por ciento, equivalente a m\u00e1s de 240 mil personas, han sido localizadas con vida, lo que representa un avance significativo en los esfuerzos de b\u00fasqueda.<\/p>\n<p>Sin embargo, tambi\u00e9n se mencionaron los retos pendientes, se\u00f1alando que en los casos a\u00fan sin resolver se enfrentan obst\u00e1culos como la falta de datos suficientes para investigar (36%), la presencia de actividad posterior a la fecha de desaparici\u00f3n (31%) y la ausencia total de movimientos registrados hasta la fecha (33%).<\/p>\n<h3>Reforzamiento del marco legal e institucional<\/h3>\n<p>Como parte de la exposici\u00f3n de los avances en la materia, se record\u00f3 que en julio de 2025 se llev\u00f3 a cabo una reforma legal para fortalecer los mecanismos de b\u00fasqueda. Esta reforma incluy\u00f3 la implementaci\u00f3n de una Alerta Nacional de B\u00fasqueda, la obligatoriedad de abrir investigaciones de manera inmediata, la creaci\u00f3n de bases de datos especializadas y el reforzamiento de las atribuciones de la Comisi\u00f3n Nacional de B\u00fasqueda, adem\u00e1s de promover una mayor coordinaci\u00f3n entre las distintas fiscal\u00edas y autoridades.<\/p>\n<h3>Contexto hist\u00f3rico del problema<\/h3>\n<p>Durante la presentaci\u00f3n de un informe sobre el tema, el subsecretario de Derechos Humanos, Poblaci\u00f3n y Migraci\u00f3n, F\u00e9lix Arturo Medina Padilla, ofreci\u00f3 un an\u00e1lisis hist\u00f3rico. Explic\u00f3 que el delito de desaparici\u00f3n en M\u00e9xico puede entenderse a partir de dos periodos clave: uno asociado a la denominada Guerra Sucia del siglo XX, marcada por la represi\u00f3n pol\u00edtica, y otro m\u00e1s reciente vinculado a la Guerra contra el narcotr\u00e1fico y el combate al crimen organizado.<\/p>\n","protected":false},"excerpt":{"rendered":"<p>La presidenta de la Rep\u00fablica, Claudia Sheinbaum, condujo la emisi\u00f3n de la conferencia &#8220;Ma\u00f1anera del Pueblo&#8221; este viernes desde Palacio Nacional, en la cual se&hellip;<\/p>\n","protected":false},"author":2,"featured_media":515,"comment_status":"open","ping_status":"open","sticky":false,"template":"","format":"standard","meta":{"footnotes":""},"categories":[251],"tags":[13,402,399,401,400],"class_list":["post-514","post","type-post","status-publish","format-standard","has-post-thumbnail","hentry","category-la-mananera-en-breve","tag-claudia-sheinbaum","tag-comision-nacional-de-busqueda","tag-desapariciones","tag-reforma","tag-registro-nacional"],"_links":{"self":[{"href":"https:\/\/eldiariorepublicamx.com\/index.php?rest_route=\/wp\/v2\/posts\/514","targetHints":{"allow":["GET"]}}],"collection":[{"href":"https:\/\/eldiariorepublicamx.com\/index.php?rest_route=\/wp\/v2\/posts"}],"about":[{"href":"https:\/\/eldiariorepublicamx.com\/index.php?rest_route=\/wp\/v2\/types\/post"}],"author":[{"embeddable":true,"href":"https:\/\/eldiariorepublicamx.com\/index.php?rest_route=\/wp\/v2\/users\/2"}],"replies":[{"embeddable":true,"href":"https:\/\/eldiariorepublicamx.com\/index.php?rest_route=%2Fwp%2Fv2%2Fcomments&post=514"}],"version-history":[{"count":0,"href":"https:\/\/eldiariorepublicamx.com\/index.php?rest_route=\/wp\/v2\/posts\/514\/revisions"}],"wp:featuredmedia":[{"embeddable":true,"href":"https:\/\/eldiariorepublicamx.com\/index.php?rest_route=\/wp\/v2\/media\/515"}],"wp:attachment":[{"href":"https:\/\/eldiariorepublicamx.com\/index.php?rest_route=%2Fwp%2Fv2%2Fmedia&parent=514"}],"wp:term":[{"taxonomy":"category","embeddable":true,"href":"https:\/\/eldiariorepublicamx.com\/index.php?rest_route=%2Fwp%2Fv2%2Fcategories&post=514"},{"taxonomy":"post_tag","embeddable":true,"href":"https:\/\/eldiariorepublicamx.com\/index.php?rest_route=%2Fwp%2Fv2%2Ftags&post=514"}],"curies":[{"name":"wp","href":"https:\/\/api.w.org\/{rel}","templated":true}]}}