{"id":256,"date":"2026-03-26T16:26:08","date_gmt":"2026-03-26T22:26:08","guid":{"rendered":"https:\/\/eldiariorepublicamx.com\/?p=256"},"modified":"2026-03-26T16:26:08","modified_gmt":"2026-03-26T22:26:08","slug":"presidenta-sheinbaum-establece-acuerdo-con-gasolineros-para-regular-alza-del-diesel-durante-la-mananera","status":"publish","type":"post","link":"https:\/\/eldiariorepublicamx.com\/?p=256","title":{"rendered":"Presidenta Sheinbaum establece acuerdo con gasolineros para regular alza del di\u00e9sel durante la ma\u00f1anera"},"content":{"rendered":"<p>Durante la conferencia matutina, la presidenta Claudia Sheinbaum anunci\u00f3 un acuerdo con representantes de gasolineros para aplicar un tope al precio del di\u00e9sel en el pa\u00eds.<\/p>\n<h3>Medida ante presiones externas<\/h3>\n<p>Este entendimiento se produce como respuesta a las alzas en los costos de los combustibles que se han registrado en M\u00e9xico, fen\u00f3meno atribuido al conflicto b\u00e9lico que tiene lugar en la regi\u00f3n de Medio Oriente.<\/p>\n","protected":false},"excerpt":{"rendered":"<p>Durante la conferencia matutina, la presidenta Claudia Sheinbaum anunci\u00f3 un acuerdo con representantes de gasolineros para aplicar un tope al precio del di\u00e9sel en el&hellip;<\/p>\n","protected":false},"author":2,"featured_media":257,"comment_status":"open","ping_status":"open","sticky":false,"template":"","format":"standard","meta":{"footnotes":""},"categories":[251],"tags":[393,356,358,324,288],"class_list":["post-256","post","type-post","status-publish","format-standard","has-post-thumbnail","hentry","category-la-mananera-en-breve","tag-combustible","tag-diesel","tag-gasolineros","tag-precio","tag-sheinbaum"],"_links":{"self":[{"href":"https:\/\/eldiariorepublicamx.com\/index.php?rest_route=\/wp\/v2\/posts\/256","targetHints":{"allow":["GET"]}}],"collection":[{"href":"https:\/\/eldiariorepublicamx.com\/index.php?rest_route=\/wp\/v2\/posts"}],"about":[{"href":"https:\/\/eldiariorepublicamx.com\/index.php?rest_route=\/wp\/v2\/types\/post"}],"author":[{"embeddable":true,"href":"https:\/\/eldiariorepublicamx.com\/index.php?rest_route=\/wp\/v2\/users\/2"}],"replies":[{"embeddable":true,"href":"https:\/\/eldiariorepublicamx.com\/index.php?rest_route=%2Fwp%2Fv2%2Fcomments&post=256"}],"version-history":[{"count":0,"href":"https:\/\/eldiariorepublicamx.com\/index.php?rest_route=\/wp\/v2\/posts\/256\/revisions"}],"wp:featuredmedia":[{"embeddable":true,"href":"https:\/\/eldiariorepublicamx.com\/index.php?rest_route=\/wp\/v2\/media\/257"}],"wp:attachment":[{"href":"https:\/\/eldiariorepublicamx.com\/index.php?rest_route=%2Fwp%2Fv2%2Fmedia&parent=256"}],"wp:term":[{"taxonomy":"category","embeddable":true,"href":"https:\/\/eldiariorepublicamx.com\/index.php?rest_route=%2Fwp%2Fv2%2Fcategories&post=256"},{"taxonomy":"post_tag","embeddable":true,"href":"https:\/\/eldiariorepublicamx.com\/index.php?rest_route=%2Fwp%2Fv2%2Ftags&post=256"}],"curies":[{"name":"wp","href":"https:\/\/api.w.org\/{rel}","templated":true}]}}