{"id":254,"date":"2026-03-26T16:26:06","date_gmt":"2026-03-26T22:26:06","guid":{"rendered":"https:\/\/eldiariorepublicamx.com\/?p=254"},"modified":"2026-03-26T16:26:06","modified_gmt":"2026-03-26T22:26:06","slug":"meryl-streep-y-anne-hathaway-exigen-mayor-diversidad-corporal-en-nueva-secuela-cinematografica","status":"publish","type":"post","link":"https:\/\/eldiariorepublicamx.com\/?p=254","title":{"rendered":"Meryl Streep y Anne Hathaway exigen mayor diversidad corporal en nueva secuela cinematogr\u00e1fica"},"content":{"rendered":"<p>Las protagonistas de la exitosa pel\u00edcula original han establecido una exigencia clave para su participaci\u00f3n en la pr\u00f3xima continuaci\u00f3n. Meryl Streep y Anne Hathaway solicitaron que la producci\u00f3n abandone los antiguos c\u00e1nones de extrema delgadez y adopte una representaci\u00f3n m\u00e1s realista y saludable de los cuerpos.<\/p>\n<h3>Un cambio en los est\u00e1ndares de representaci\u00f3n<\/h3>\n<p>Las actrices expresaron su deseo de que el filme refleje la transformaci\u00f3n en las percepciones sobre la belleza ocurrida en las \u00faltimas dos d\u00e9cadas. Su petici\u00f3n busca incorporar una mayor diversidad de tipos f\u00edsicos en la narrativa, alej\u00e1ndose de los estereotipos que caracterizaron al primer largometraje.<\/p>\n<h3>Motivaci\u00f3n detr\u00e1s de la exigencia<\/h3>\n<p>La determinaci\u00f3n de ambas artistas surgi\u00f3 al observar que, en la actualidad, ciertos eventos del mundo de la moda contin\u00faan promoviendo una imagen corporal muy delgada, una tendencia que ellas consideraban superada. Anne Hathaway tom\u00f3 la iniciativa de comunicar esta preocupaci\u00f3n directamente a los productores para garantizar que la nueva cinta evite repetir esos patrones.<\/p>\n<h3>Impacto m\u00e1s all\u00e1 del entretenimiento<\/h3>\n<p>Con esta modificaci\u00f3n en la perspectiva del proyecto, las int\u00e9rpretes aspiran a que la secuela no solo funcione como un producto de entretenimiento, sino que tambi\u00e9n genere una influencia positiva. Su objetivo particular es llegar a las audiencias j\u00f3venes, present\u00e1ndoles una visi\u00f3n de la industria de la moda que sea m\u00e1s inclusiva y apegada a la realidad.<\/p>\n","protected":false},"excerpt":{"rendered":"<p>Las protagonistas de la exitosa pel\u00edcula original han establecido una exigencia clave para su participaci\u00f3n en la pr\u00f3xima continuaci\u00f3n. Meryl Streep y Anne Hathaway solicitaron&hellip;<\/p>\n","protected":false},"author":2,"featured_media":255,"comment_status":"open","ping_status":"open","sticky":false,"template":"","format":"standard","meta":{"footnotes":""},"categories":[290],"tags":[389,392,388,391,390],"class_list":["post-254","post","type-post","status-publish","format-standard","has-post-thumbnail","hentry","category-sociedad-y-cultura","tag-anne-hathaway","tag-diversidad","tag-meryl-streep","tag-moda","tag-pelicula"],"_links":{"self":[{"href":"https:\/\/eldiariorepublicamx.com\/index.php?rest_route=\/wp\/v2\/posts\/254","targetHints":{"allow":["GET"]}}],"collection":[{"href":"https:\/\/eldiariorepublicamx.com\/index.php?rest_route=\/wp\/v2\/posts"}],"about":[{"href":"https:\/\/eldiariorepublicamx.com\/index.php?rest_route=\/wp\/v2\/types\/post"}],"author":[{"embeddable":true,"href":"https:\/\/eldiariorepublicamx.com\/index.php?rest_route=\/wp\/v2\/users\/2"}],"replies":[{"embeddable":true,"href":"https:\/\/eldiariorepublicamx.com\/index.php?rest_route=%2Fwp%2Fv2%2Fcomments&post=254"}],"version-history":[{"count":0,"href":"https:\/\/eldiariorepublicamx.com\/index.php?rest_route=\/wp\/v2\/posts\/254\/revisions"}],"wp:featuredmedia":[{"embeddable":true,"href":"https:\/\/eldiariorepublicamx.com\/index.php?rest_route=\/wp\/v2\/media\/255"}],"wp:attachment":[{"href":"https:\/\/eldiariorepublicamx.com\/index.php?rest_route=%2Fwp%2Fv2%2Fmedia&parent=254"}],"wp:term":[{"taxonomy":"category","embeddable":true,"href":"https:\/\/eldiariorepublicamx.com\/index.php?rest_route=%2Fwp%2Fv2%2Fcategories&post=254"},{"taxonomy":"post_tag","embeddable":true,"href":"https:\/\/eldiariorepublicamx.com\/index.php?rest_route=%2Fwp%2Fv2%2Ftags&post=254"}],"curies":[{"name":"wp","href":"https:\/\/api.w.org\/{rel}","templated":true}]}}