{"id":250,"date":"2026-03-26T16:26:01","date_gmt":"2026-03-26T22:26:01","guid":{"rendered":"https:\/\/eldiariorepublicamx.com\/?p=250"},"modified":"2026-03-26T16:26:01","modified_gmt":"2026-03-26T22:26:01","slug":"isaac-brizuela-anuncia-su-regreso-al-futbol-integrando-el-equipo-de-leyendas-de-chivas","status":"publish","type":"post","link":"https:\/\/eldiariorepublicamx.com\/?p=250","title":{"rendered":"Isa\u00e1c Brizuela anuncia su regreso al f\u00fatbol integrando el equipo de Leyendas de Chivas"},"content":{"rendered":"<p>Isa\u00e1c Brizuela, conocido como &#8216;El Conejo&#8217; y exjugador del Club Guadalajara, confirm\u00f3 que retornar\u00e1 a la actividad futbol\u00edstica al incorporarse al equipo de Leyendas del Guadalajara, una escuadra conformada exclusivamente por exfutbolistas del club rojiblanco.<\/p>\n<h3>Nuevo rumbo tras meses de incertidumbre<\/h3>\n<p>El mediocampista se hab\u00eda desvinculado de Chivas en diciembre pasado tras concluir su contrato y, aunque explor\u00f3 opciones en el mercado, no encontr\u00f3 un nuevo equipo en la Liga MX, neg\u00e1ndose adem\u00e1s a jugar en la Liga de Expansi\u00f3n. Este mi\u00e9rcoles, tras varios meses sin noticias, el jugador anunci\u00f3 su pr\u00f3ximo paso.<\/p>\n<p>Brizuela es recordado con cari\u00f1o por la afici\u00f3n chiva por su profesionalismo durante su etapa con el primer equipo.<\/p>\n<h3>Debut y posibles implicaciones<\/h3>\n<p>Su debut con el equipo de veteranos est\u00e1 programado para el 18 de abril en Quintana Roo, en un encuentro frente a las Leyendas del Am\u00e9rica. Si bien no se ha hecho un anuncio oficial, esta decisi\u00f3n podr\u00eda marcar el retiro definitivo del jugador de la pr\u00e1ctica profesional, aunque se especula que podr\u00eda volver a evaluar opciones en el mercado durante el verano.<\/p>\n<h3>Vida m\u00e1s all\u00e1 del f\u00fatbol<\/h3>\n<p>Paralelamente, el exfutbolista ha planeado su futuro fuera de las canchas, diversificando sus inversiones en un centro de rehabilitaci\u00f3n y en negocios de alimentos como la venta de marquesitas y jugos saludables.<\/p>\n","protected":false},"excerpt":{"rendered":"<p>Isa\u00e1c Brizuela, conocido como &#8216;El Conejo&#8217; y exjugador del Club Guadalajara, confirm\u00f3 que retornar\u00e1 a la actividad futbol\u00edstica al incorporarse al equipo de Leyendas del&hellip;<\/p>\n","protected":false},"author":2,"featured_media":251,"comment_status":"open","ping_status":"open","sticky":false,"template":"","format":"standard","meta":{"footnotes":""},"categories":[291],"tags":[337,382,380,381,383],"class_list":["post-250","post","type-post","status-publish","format-standard","has-post-thumbnail","hentry","category-deportes","tag-chivas","tag-futbol","tag-isaac-brizuela","tag-leyendas-del-guadalajara","tag-retiro"],"_links":{"self":[{"href":"https:\/\/eldiariorepublicamx.com\/index.php?rest_route=\/wp\/v2\/posts\/250","targetHints":{"allow":["GET"]}}],"collection":[{"href":"https:\/\/eldiariorepublicamx.com\/index.php?rest_route=\/wp\/v2\/posts"}],"about":[{"href":"https:\/\/eldiariorepublicamx.com\/index.php?rest_route=\/wp\/v2\/types\/post"}],"author":[{"embeddable":true,"href":"https:\/\/eldiariorepublicamx.com\/index.php?rest_route=\/wp\/v2\/users\/2"}],"replies":[{"embeddable":true,"href":"https:\/\/eldiariorepublicamx.com\/index.php?rest_route=%2Fwp%2Fv2%2Fcomments&post=250"}],"version-history":[{"count":0,"href":"https:\/\/eldiariorepublicamx.com\/index.php?rest_route=\/wp\/v2\/posts\/250\/revisions"}],"wp:featuredmedia":[{"embeddable":true,"href":"https:\/\/eldiariorepublicamx.com\/index.php?rest_route=\/wp\/v2\/media\/251"}],"wp:attachment":[{"href":"https:\/\/eldiariorepublicamx.com\/index.php?rest_route=%2Fwp%2Fv2%2Fmedia&parent=250"}],"wp:term":[{"taxonomy":"category","embeddable":true,"href":"https:\/\/eldiariorepublicamx.com\/index.php?rest_route=%2Fwp%2Fv2%2Fcategories&post=250"},{"taxonomy":"post_tag","embeddable":true,"href":"https:\/\/eldiariorepublicamx.com\/index.php?rest_route=%2Fwp%2Fv2%2Ftags&post=250"}],"curies":[{"name":"wp","href":"https:\/\/api.w.org\/{rel}","templated":true}]}}