{"id":242,"date":"2026-03-26T16:25:46","date_gmt":"2026-03-26T22:25:46","guid":{"rendered":"https:\/\/eldiariorepublicamx.com\/?p=242"},"modified":"2026-03-26T16:25:46","modified_gmt":"2026-03-26T22:25:46","slug":"sheinbaum-presenta-estrategias-gubernamentales-para-restituir-propiedades-a-comunidades-originarias","status":"publish","type":"post","link":"https:\/\/eldiariorepublicamx.com\/?p=242","title":{"rendered":"Sheinbaum presenta estrategias gubernamentales para restituir propiedades a comunidades originarias"},"content":{"rendered":"<p>La presidenta Claudia Sheinbaum Pardo anunci\u00f3 durante su conferencia de prensa habitual que la administraci\u00f3n federal ha puesto en marcha dos l\u00edneas de acci\u00f3n para regresar terrenos a los pueblos ind\u00edgenas del pa\u00eds.<\/p>\n<h3>Mecanismos de restituci\u00f3n<\/h3>\n<p>Explic\u00f3 que la primera de estas iniciativas comenz\u00f3 en el gobierno anterior de Andr\u00e9s Manuel L\u00f3pez Obrador, con la devoluci\u00f3n de propiedades al pueblo yaqui. Este procedimiento incluye la adquisici\u00f3n de predios para su entrega a las comunidades, la expropiaci\u00f3n mediante acuerdo o la soluci\u00f3n de pleitos agrarios en los juzgados. Afirm\u00f3 que estas medidas tambi\u00e9n han ayudado a grupos rar\u00e1muris.<\/p>\n<p>La mandataria destac\u00f3 que existe un segundo modelo fundamentado en una mesa de di\u00e1logo continua, conformada por la Secretar\u00eda de Gobernaci\u00f3n, la Procuradur\u00eda Agraria y el Registro Agrario Nacional, que tiene como meta resolver antiguos conflictos sobre la tierra a trav\u00e9s de la conversaci\u00f3n.<\/p>\n<blockquote><p>\u201cSe busca que estos conflictos no se resuelvan \u00fanicamente en tribunales, sino que haya acuerdos con las comunidades\u201d, afirm\u00f3.<\/p><\/blockquote>\n<h3>Conflictos hist\u00f3ricos y protecci\u00f3n<\/h3>\n<p>Como ilustraci\u00f3n, cit\u00f3 la situaci\u00f3n en los Chimalapas, donde una sentencia judicial gener\u00f3 un problema social al no haberse consultado a las comunidades afectadas. Sheinbaum Pardo a\u00f1adi\u00f3 que todav\u00eda persisten numerosas controversias territoriales en la naci\u00f3n, debido a deslindes incorrectos, la superposici\u00f3n de ejidos sobre tierras comunales y otros conflictos de larga data.<\/p>\n<p>Para finalizar, indic\u00f3 que la Procuradur\u00eda Agraria tambi\u00e9n act\u00faa para evitar que se ejerzan presiones sobre campesinos y ejidatarios para vender sus propiedades, asegurando que estos tr\u00e1mites se lleven a cabo de forma equitativa y sin intermediarios.<\/p>\n","protected":false},"excerpt":{"rendered":"<p>La presidenta Claudia Sheinbaum Pardo anunci\u00f3 durante su conferencia de prensa habitual que la administraci\u00f3n federal ha puesto en marcha dos l\u00edneas de acci\u00f3n para&hellip;<\/p>\n","protected":false},"author":2,"featured_media":243,"comment_status":"open","ping_status":"open","sticky":false,"template":"","format":"standard","meta":{"footnotes":""},"categories":[252,290],"tags":[13,367,11,365,366],"class_list":["post-242","post","type-post","status-publish","format-standard","has-post-thumbnail","hentry","category-agenda-nacional","category-sociedad-y-cultura","tag-claudia-sheinbaum","tag-comunidades","tag-gobierno","tag-pueblos-indigenas","tag-tierras"],"_links":{"self":[{"href":"https:\/\/eldiariorepublicamx.com\/index.php?rest_route=\/wp\/v2\/posts\/242","targetHints":{"allow":["GET"]}}],"collection":[{"href":"https:\/\/eldiariorepublicamx.com\/index.php?rest_route=\/wp\/v2\/posts"}],"about":[{"href":"https:\/\/eldiariorepublicamx.com\/index.php?rest_route=\/wp\/v2\/types\/post"}],"author":[{"embeddable":true,"href":"https:\/\/eldiariorepublicamx.com\/index.php?rest_route=\/wp\/v2\/users\/2"}],"replies":[{"embeddable":true,"href":"https:\/\/eldiariorepublicamx.com\/index.php?rest_route=%2Fwp%2Fv2%2Fcomments&post=242"}],"version-history":[{"count":0,"href":"https:\/\/eldiariorepublicamx.com\/index.php?rest_route=\/wp\/v2\/posts\/242\/revisions"}],"wp:featuredmedia":[{"embeddable":true,"href":"https:\/\/eldiariorepublicamx.com\/index.php?rest_route=\/wp\/v2\/media\/243"}],"wp:attachment":[{"href":"https:\/\/eldiariorepublicamx.com\/index.php?rest_route=%2Fwp%2Fv2%2Fmedia&parent=242"}],"wp:term":[{"taxonomy":"category","embeddable":true,"href":"https:\/\/eldiariorepublicamx.com\/index.php?rest_route=%2Fwp%2Fv2%2Fcategories&post=242"},{"taxonomy":"post_tag","embeddable":true,"href":"https:\/\/eldiariorepublicamx.com\/index.php?rest_route=%2Fwp%2Fv2%2Ftags&post=242"}],"curies":[{"name":"wp","href":"https:\/\/api.w.org\/{rel}","templated":true}]}}