{"id":240,"date":"2026-03-26T16:25:45","date_gmt":"2026-03-26T22:25:45","guid":{"rendered":"https:\/\/eldiariorepublicamx.com\/?p=240"},"modified":"2026-03-26T16:25:45","modified_gmt":"2026-03-26T22:25:45","slug":"gobierno-federal-logra-acuerdo-con-estaciones-de-servicio-para-moderar-precio-del-diesel","status":"publish","type":"post","link":"https:\/\/eldiariorepublicamx.com\/?p=240","title":{"rendered":"Gobierno federal logra acuerdo con estaciones de servicio para moderar precio del di\u00e9sel"},"content":{"rendered":"<p>La mandataria Claudia Sheinbaum anunci\u00f3 que se estableci\u00f3 un acuerdo con representantes de las gasoliner\u00edas para fijar un precio m\u00e1ximo voluntario de 28.50 pesos por litro para el di\u00e9sel, aunque consider\u00f3 que esta cifra sigue siendo excesiva.<\/p>\n<h3>Negociaciones en desarrollo<\/h3>\n<p>Durante una conferencia matutina, la presidenta explic\u00f3 que las conversaciones contin\u00faan y se\u00f1al\u00f3: &#8220;hay que seguir baj\u00e1ndolo&#8221;. Precis\u00f3 que el pacto alcanzado es de car\u00e1cter voluntario y no coercitivo.<\/p>\n<blockquote><p>&#8220;Se acept\u00f3 un tope voluntario, como siempre no forzado, sobre los 28.50 pesos, y les dije que todav\u00eda es muy alto, hay que seguir baj\u00e1ndolo&#8221;, inform\u00f3.<\/p><\/blockquote>\n<h3>Preocupaci\u00f3n por el impacto econ\u00f3mico<\/h3>\n<p>Sheinbaum hab\u00eda manifestado su inquietud p\u00fablicamente el martes anterior, tras observar durante un recorrido por el territorio nacional que los precios del di\u00e9sel y de la gasolina premium hab\u00edan registrado incrementos significativos. Inmediatamente, instruy\u00f3 a los titulares de las secretar\u00edas de Hacienda y de Energ\u00eda para que convocaran a los empresarios del sector.<\/p>\n<blockquote><p>&#8220;Est\u00e1n subiendo el precio del di\u00e9sel, lo digo aqu\u00ed p\u00fablicamente. Y la gasolina premium y la premium y hay incentivos (\u2026) Lo vi este fin de semana que anduve, que ando en territorio y luego luego le habl\u00e9 al secretario de Hacienda, a la secretar\u00eda de Energ\u00eda y les dije &#8216;citen a los gasolineros porque no puede ser que hayan subido tanto el di\u00e9sel y adem\u00e1s tiene sus impactos en la econom\u00eda mexicana&#8221;.<\/p><\/blockquote>\n<p>La jefa del Ejecutivo subray\u00f3 que, a pesar de que el di\u00e9sel es importado, los distribuidores reciben est\u00edmulos fiscales a trav\u00e9s del Impuesto Especial sobre Producci\u00f3n y Servicios (IEPS), por lo que no existe una justificaci\u00f3n para que el precio alcance los niveles actuales.<\/p>\n","protected":false},"excerpt":{"rendered":"<p>La mandataria Claudia Sheinbaum anunci\u00f3 que se estableci\u00f3 un acuerdo con representantes de las gasoliner\u00edas para fijar un precio m\u00e1ximo voluntario de 28.50 pesos por&hellip;<\/p>\n","protected":false},"author":2,"featured_media":241,"comment_status":"open","ping_status":"open","sticky":false,"template":"","format":"standard","meta":{"footnotes":""},"categories":[252,52],"tags":[356,358,324,288,364],"class_list":["post-240","post","type-post","status-publish","format-standard","has-post-thumbnail","hentry","category-agenda-nacional","category-economia","tag-diesel","tag-gasolineros","tag-precio","tag-sheinbaum","tag-tope"],"_links":{"self":[{"href":"https:\/\/eldiariorepublicamx.com\/index.php?rest_route=\/wp\/v2\/posts\/240","targetHints":{"allow":["GET"]}}],"collection":[{"href":"https:\/\/eldiariorepublicamx.com\/index.php?rest_route=\/wp\/v2\/posts"}],"about":[{"href":"https:\/\/eldiariorepublicamx.com\/index.php?rest_route=\/wp\/v2\/types\/post"}],"author":[{"embeddable":true,"href":"https:\/\/eldiariorepublicamx.com\/index.php?rest_route=\/wp\/v2\/users\/2"}],"replies":[{"embeddable":true,"href":"https:\/\/eldiariorepublicamx.com\/index.php?rest_route=%2Fwp%2Fv2%2Fcomments&post=240"}],"version-history":[{"count":0,"href":"https:\/\/eldiariorepublicamx.com\/index.php?rest_route=\/wp\/v2\/posts\/240\/revisions"}],"wp:featuredmedia":[{"embeddable":true,"href":"https:\/\/eldiariorepublicamx.com\/index.php?rest_route=\/wp\/v2\/media\/241"}],"wp:attachment":[{"href":"https:\/\/eldiariorepublicamx.com\/index.php?rest_route=%2Fwp%2Fv2%2Fmedia&parent=240"}],"wp:term":[{"taxonomy":"category","embeddable":true,"href":"https:\/\/eldiariorepublicamx.com\/index.php?rest_route=%2Fwp%2Fv2%2Fcategories&post=240"},{"taxonomy":"post_tag","embeddable":true,"href":"https:\/\/eldiariorepublicamx.com\/index.php?rest_route=%2Fwp%2Fv2%2Ftags&post=240"}],"curies":[{"name":"wp","href":"https:\/\/api.w.org\/{rel}","templated":true}]}}