{"id":236,"date":"2026-03-26T16:25:44","date_gmt":"2026-03-26T22:25:44","guid":{"rendered":"https:\/\/eldiariorepublicamx.com\/?p=236"},"modified":"2026-03-26T16:25:44","modified_gmt":"2026-03-26T22:25:44","slug":"gobierno-federal-logra-acuerdo-con-distribuidores-para-estabilizar-costo-del-diesel-en-28-50-pesos-por-litro","status":"publish","type":"post","link":"https:\/\/eldiariorepublicamx.com\/?p=236","title":{"rendered":"Gobierno federal logra acuerdo con distribuidores para estabilizar costo del di\u00e9sel en 28.50 pesos por litro"},"content":{"rendered":"<p>La presidenta Claudia Sheinbaum anunci\u00f3 un acuerdo con representantes de la industria gasolinera para establecer un precio m\u00e1ximo voluntario de 28.50 pesos por litro para el di\u00e9sel, con el objetivo de mitigar el impacto inflacionario derivado de la volatilidad internacional en los mercados energ\u00e9ticos.<\/p>\n<h3>Medida para contener la inflaci\u00f3n<\/h3>\n<p>El anuncio se realiz\u00f3 durante la conferencia matutina del 26 de marzo, donde la mandataria explic\u00f3 que este tope busca proteger el poder adquisitivo de las familias mexicanas. El precio acordado representa una reducci\u00f3n frente a los promedios recientes que hab\u00edan alcanzado los 30 pesos por litro. &#8220;Se habl\u00f3 con los gasolineros, se acept\u00f3 un tope voluntario, como siempre no forzado, que est\u00e1 sobre los 28.50, les dije a ellos: &#8216;es todav\u00eda muy alto, hay que seguirlo bajando&#8217; y estamos revisando para que pueda todav\u00eda darse, en este periodo en el que est\u00e1 creciendo el precio del petr\u00f3leo, a menores costos para que no influya en la inflaci\u00f3n&#8221;, coment\u00f3.<\/p>\n<p>Sheinbaum tambi\u00e9n inform\u00f3 que se mantiene vigente el acuerdo para fijar el precio de la gasolina magna en 24 pesos por litro.<\/p>\n<h3>Ampliaci\u00f3n del Paquete Contra la Inflaci\u00f3n<\/h3>\n<p>La jefa del Ejecutivo se\u00f1al\u00f3 que se buscar\u00e1 incorporar productos como jitomate, lim\u00f3n y pollo al Paquete Contra la Inflaci\u00f3n y la Carest\u00eda (Pacic), ante los incrementos de precios registrados. Estos art\u00edculos ya forman parte de la canasta b\u00e1sica.<\/p>\n<p>Los datos del \u00cdndice Nacional de Precios al Consumidor (INPC) de la primera quincena de marzo mostraron un aumento del 0.62 por ciento, situando la inflaci\u00f3n anual en 4.63 por ciento. Los productos con mayor incidencia en este incremento fueron precisamente el jitomate, tomate, lim\u00f3n, pollo y el transporte a\u00e9reo.<\/p>\n<h3>Contexto internacional y sus efectos<\/h3>\n<p>La inestabilidad en los precios de los combustibles se vincula con el conflicto en Medio Oriente y el cierre del Estrecho de Ormuz, que ha generado preocupaci\u00f3n sobre el suministro global de petr\u00f3leo. Aunque M\u00e9xico no participa directamente en el conflicto, la dependencia de mercados externos para la producci\u00f3n de combustibles lo hace vulnerable a estas fluctuaciones.<\/p>\n<p>El precio del petr\u00f3leo ha alcanzado niveles de hasta 100 d\u00f3lares por barril, encareciendo los combustibles a nivel mundial y generando presiones alcistas en los precios de bienes y alimentos. Hasta el momento, no hay una fecha definida para el fin del conflicto entre Estados Unidos e Israel contra Ir\u00e1n, cuyas condiciones para un alto al fuego incluyen el levantamiento de sanciones econ\u00f3micas y el pago de reparaciones por da\u00f1os.<\/p>\n","protected":false},"excerpt":{"rendered":"<p>La presidenta Claudia Sheinbaum anunci\u00f3 un acuerdo con representantes de la industria gasolinera para establecer un precio m\u00e1ximo voluntario de 28.50 pesos por litro para&hellip;<\/p>\n","protected":false},"author":2,"featured_media":237,"comment_status":"open","ping_status":"open","sticky":false,"template":"","format":"standard","meta":{"footnotes":""},"categories":[252,52],"tags":[356,358,357,324,288],"class_list":["post-236","post","type-post","status-publish","format-standard","has-post-thumbnail","hentry","category-agenda-nacional","category-economia","tag-diesel","tag-gasolineros","tag-inflacion","tag-precio","tag-sheinbaum"],"_links":{"self":[{"href":"https:\/\/eldiariorepublicamx.com\/index.php?rest_route=\/wp\/v2\/posts\/236","targetHints":{"allow":["GET"]}}],"collection":[{"href":"https:\/\/eldiariorepublicamx.com\/index.php?rest_route=\/wp\/v2\/posts"}],"about":[{"href":"https:\/\/eldiariorepublicamx.com\/index.php?rest_route=\/wp\/v2\/types\/post"}],"author":[{"embeddable":true,"href":"https:\/\/eldiariorepublicamx.com\/index.php?rest_route=\/wp\/v2\/users\/2"}],"replies":[{"embeddable":true,"href":"https:\/\/eldiariorepublicamx.com\/index.php?rest_route=%2Fwp%2Fv2%2Fcomments&post=236"}],"version-history":[{"count":0,"href":"https:\/\/eldiariorepublicamx.com\/index.php?rest_route=\/wp\/v2\/posts\/236\/revisions"}],"wp:featuredmedia":[{"embeddable":true,"href":"https:\/\/eldiariorepublicamx.com\/index.php?rest_route=\/wp\/v2\/media\/237"}],"wp:attachment":[{"href":"https:\/\/eldiariorepublicamx.com\/index.php?rest_route=%2Fwp%2Fv2%2Fmedia&parent=236"}],"wp:term":[{"taxonomy":"category","embeddable":true,"href":"https:\/\/eldiariorepublicamx.com\/index.php?rest_route=%2Fwp%2Fv2%2Fcategories&post=236"},{"taxonomy":"post_tag","embeddable":true,"href":"https:\/\/eldiariorepublicamx.com\/index.php?rest_route=%2Fwp%2Fv2%2Ftags&post=236"}],"curies":[{"name":"wp","href":"https:\/\/api.w.org\/{rel}","templated":true}]}}