{"id":229,"date":"2026-03-25T22:21:35","date_gmt":"2026-03-26T04:21:35","guid":{"rendered":"https:\/\/eldiariorepublicamx.com\/?p=229"},"modified":"2026-03-25T22:21:35","modified_gmt":"2026-03-26T04:21:35","slug":"senadores-de-morena-respaldan-iniciativa-para-recortar-privilegios-y-robustecer-la-revocacion-de-mandato","status":"publish","type":"post","link":"https:\/\/eldiariorepublicamx.com\/?p=229","title":{"rendered":"Senadores de Morena respaldan iniciativa para recortar privilegios y robustecer la revocaci\u00f3n de mandato"},"content":{"rendered":"<p>El Grupo Parlamentario de Morena en el Senado de la Rep\u00fablica expres\u00f3 su apoyo a una propuesta de reforma electoral dirigida a disminuir prerrogativas y ampliar los mecanismos de revocaci\u00f3n de mandato, durante una intervenci\u00f3n del senador Ra\u00fal Mor\u00f3n Orozco.<\/p>\n<h3>Compromiso de la 4T<\/h3>\n<p>Mor\u00f3n Orozco se\u00f1al\u00f3 que la iniciativa forma parte de los compromisos adquiridos por la Cuarta Transformaci\u00f3n, los cuales, afirm\u00f3, se cumplen sistem\u00e1ticamente. Enfatiz\u00f3 que la propuesta no surge de manera improvisada, sino que fue un compromiso anunciado por la presidenta Claudia Sheinbaum durante su toma de posesi\u00f3n.<\/p>\n<blockquote><p>La reforma electoral es un compromiso. La Cuarta Transformaci\u00f3n cumple lo que dice, lo que compromete y este es un compromiso que hizo nuestra presidenta en el marco de la toma de posesi\u00f3n. O sea, no es algo que se haya sacado de la manga, de ninguna manera.<\/p><\/blockquote>\n<h3>Contexto hist\u00f3rico y avance democr\u00e1tico<\/h3>\n<p>El legislador hizo un recuento hist\u00f3rico, recordando episodios de fraude electoral ocurridos en M\u00e9xico en 1988, 2006 y 2012, bajo otros gobiernos y partidos pol\u00edticos. Contrapuso ese pasado con el presente, argumentando que ahora se avanza significativamente en la democratizaci\u00f3n del pa\u00eds, donde el pueblo ejerce un poder soberano de manera permanente y sin concentraciones de autoridad.<\/p>\n<p>&#8220;La gente manda, el pueblo manda y este es el poder al que tenemos que atenernos todas y todos&#8221;, declar\u00f3. Adem\u00e1s, aclar\u00f3 que la presidenta Sheinbaum no ser\u00e1 candidata en futuros comicios, sino que ser\u00e1n los partidos pol\u00edticos quienes postulen a sus aspirantes, los cuales deber\u00e1n conquistar la voluntad de los electores.<\/p>\n<h3>Fuerza del proyecto y unidad<\/h3>\n<p>Mor\u00f3n Orozco destac\u00f3 la fortaleza de Morena y la consolidaci\u00f3n de la Cuarta Transformaci\u00f3n. Resalt\u00f3 la comunicaci\u00f3n constante de la presidenta con la ciudadan\u00eda, no solo a trav\u00e9s de las conferencias matutinas, sino tambi\u00e9n en sus visitas a los estados, donde informa de los logros alcanzados tanto en su gobierno como en el del expresidente Andr\u00e9s Manuel L\u00f3pez Obrador.<\/p>\n<blockquote><p>Los logros est\u00e1n a la vista, si no los quieren ver no los vean, pero el pueblo de M\u00e9xico si los est\u00e1 viendo, el pueblo de M\u00e9xico est\u00e1 gozando, disfrutando de todos estos alcances que tienen los gobiernos de la Cuarta Transformaci\u00f3n.<\/p><\/blockquote>\n<p>Subray\u00f3 la unidad y el trabajo conjunto con sus aliados del Partido del Trabajo y el Partido Verde Ecologista de M\u00e9xico. Reconoci\u00f3 la exposici\u00f3n precisa de los avances del proyecto hecha por el senador Beto Anaya y el compromiso de su partido con el proceso de transformaci\u00f3n.<\/p>\n<h3>Propuestas espec\u00edficas y visi\u00f3n a futuro<\/h3>\n<p>La iniciativa plantea, seg\u00fan el senador, limitar los recursos de los congresos locales, mejorar la normativa del art\u00edculo 115 constitucional respecto a los ayuntamientos, y facilitar una participaci\u00f3n m\u00e1s directa de la ciudadan\u00eda en la toma de decisiones.<\/p>\n<p>Tambi\u00e9n mencion\u00f3 otros mandatos pendientes del pueblo, como la revisi\u00f3n del sistema de representaci\u00f3n proporcional (plurinominales), un mayor escrutinio en tiempo real del gasto de los partidos pol\u00edticos, y una vigilancia reforzada sobre los recursos invertidos en campa\u00f1as electorales para evitar fondos il\u00edcitos. El objetivo fundamental, dijo, es garantizar que la soberan\u00eda popular se respete en las urnas y se erradiquen desviaciones como los fraudes del pasado.<\/p>\n<p>Concluy\u00f3 expresando confianza en el triunfo electoral de la coalici\u00f3n para el proceso de 2027 y una consolidaci\u00f3n hacia 2030 como la primera fuerza pol\u00edtica nacional.<\/p>\n","protected":false},"excerpt":{"rendered":"<p>El Grupo Parlamentario de Morena en el Senado de la Rep\u00fablica expres\u00f3 su apoyo a una propuesta de reforma electoral dirigida a disminuir prerrogativas y&hellip;<\/p>\n","protected":false},"author":2,"featured_media":230,"comment_status":"open","ping_status":"open","sticky":false,"template":"","format":"standard","meta":{"footnotes":""},"categories":[252],"tags":[18,355,14,305,76],"class_list":["post-229","post","type-post","status-publish","format-standard","has-post-thumbnail","hentry","category-agenda-nacional","tag-morena","tag-raul-moron-orozco","tag-reforma-electoral","tag-revocacion-de-mandato","tag-senado"],"_links":{"self":[{"href":"https:\/\/eldiariorepublicamx.com\/index.php?rest_route=\/wp\/v2\/posts\/229","targetHints":{"allow":["GET"]}}],"collection":[{"href":"https:\/\/eldiariorepublicamx.com\/index.php?rest_route=\/wp\/v2\/posts"}],"about":[{"href":"https:\/\/eldiariorepublicamx.com\/index.php?rest_route=\/wp\/v2\/types\/post"}],"author":[{"embeddable":true,"href":"https:\/\/eldiariorepublicamx.com\/index.php?rest_route=\/wp\/v2\/users\/2"}],"replies":[{"embeddable":true,"href":"https:\/\/eldiariorepublicamx.com\/index.php?rest_route=%2Fwp%2Fv2%2Fcomments&post=229"}],"version-history":[{"count":0,"href":"https:\/\/eldiariorepublicamx.com\/index.php?rest_route=\/wp\/v2\/posts\/229\/revisions"}],"wp:featuredmedia":[{"embeddable":true,"href":"https:\/\/eldiariorepublicamx.com\/index.php?rest_route=\/wp\/v2\/media\/230"}],"wp:attachment":[{"href":"https:\/\/eldiariorepublicamx.com\/index.php?rest_route=%2Fwp%2Fv2%2Fmedia&parent=229"}],"wp:term":[{"taxonomy":"category","embeddable":true,"href":"https:\/\/eldiariorepublicamx.com\/index.php?rest_route=%2Fwp%2Fv2%2Fcategories&post=229"},{"taxonomy":"post_tag","embeddable":true,"href":"https:\/\/eldiariorepublicamx.com\/index.php?rest_route=%2Fwp%2Fv2%2Ftags&post=229"}],"curies":[{"name":"wp","href":"https:\/\/api.w.org\/{rel}","templated":true}]}}