{"id":227,"date":"2026-03-25T22:21:31","date_gmt":"2026-03-26T04:21:31","guid":{"rendered":"https:\/\/eldiariorepublicamx.com\/?p=227"},"modified":"2026-03-25T22:21:31","modified_gmt":"2026-03-26T04:21:31","slug":"pt-bloquea-cambio-en-fecha-de-revocacion-de-mandato-para-sheinbaum-al-separarse-de-articulo-en-plan-b","status":"publish","type":"post","link":"https:\/\/eldiariorepublicamx.com\/?p=227","title":{"rendered":"PT bloquea cambio en fecha de revocaci\u00f3n de mandato para Sheinbaum al separarse de art\u00edculo en Plan B"},"content":{"rendered":"<p>El Partido del Trabajo (PT) anunci\u00f3 su oposici\u00f3n a modificar la fecha de la revocaci\u00f3n de mandato dentro de la reforma electoral propuesta por la presidenta Claudia Sheinbaum, complicando su aprobaci\u00f3n en el Senado. El senador y dirigente del partido, Alberto Anaya, declar\u00f3 durante el debate del Plan B que &ldquo;Nos separamos del contenido del dictamen en lo que se refiere al art&iacute;culo 35 de la Constituci&oacute;n&rdquo;, aunque confirm&oacute; que acompa&ntilde;ar&aacute; la iniciativa en lo general y seguir&aacute; al lado de la presidenta.<\/p>\n<h3>Impacto en la viabilidad parlamentaria<\/h3>\n<p>Esta decisi&oacute;n del PT deja al oficialismo sin los votos necesarios para alcanzar la mayor&iacute;a calificada requerida para la reforma constitucional. Se necesitan al menos 78 votos de los 116 legisladores presentes, y el retiro del apoyo afecta directamente la viabilidad del componente de revocaci&oacute;n de mandato, uno de los puntos centrales de la iniciativa del Ejecutivo.<\/p>\n<h3>Motivos detr&aacute;s de la oposici&oacute;n del PT<\/h3>\n<p>El partido ha advertido que si la consulta de revocaci&oacute;n coincidiera con las elecciones federales de 2027, su registro podr&iacute;a estar en riesgo de desaparecer por una posible p&eacute;rdida de votos. Por su parte, la presidenta Sheinbaum ha se&ntilde;alado que algunos opositores argumentan que Morena ganar&iacute;a m&aacute;s votos en ese escenario, ya que ella proviene de ese partido.<\/p>\n<h3>Posici&oacute;n y propuesta del gobierno federal<\/h3>\n<p>La mandataria explic&oacute; que la opci&oacute;n de concentrar todos los procesos electorales en 2027 responde tambi&eacute;n a motivos de eficiencia en el uso de recursos p&uacute;blicos. &ldquo;La propuesta tambi&eacute;n es por un tema de recursos: que todas las votaciones se hicieran en 2027, incluida la revocaci&oacute;n o que pudiera hacerse&rdquo;, afirm&oacute;. Sheinbaum subray&oacute; que su administraci&oacute;n no har&iacute;a campa&ntilde;a por ning&uacute;n partido en caso de celebrarse el mecanismo y que los tiempos oficiales en medios estar&iacute;an restringidos solo a informar sobre la consulta.<\/p>\n<h3>Contexto y definici&oacute;n final<\/h3>\n<p>El mecanismo de revocaci&oacute;n de mandato fue incorporado a la Constituci&oacute;n Mexicana durante el gobierno de Andr&eacute;s Manuel L&oacute;pez Obrador. Finalmente, la presidenta puntualiz&oacute; que la definici&oacute;n sobre la fecha y formato de la revocaci&oacute;n ser&aacute; una responsabilidad exclusiva del Senado de la Rep&uacute;blica.<\/p>\n","protected":false},"excerpt":{"rendered":"<p>El Partido del Trabajo (PT) anunci\u00f3 su oposici\u00f3n a modificar la fecha de la revocaci\u00f3n de mandato dentro de la reforma electoral propuesta por la&hellip;<\/p>\n","protected":false},"author":2,"featured_media":228,"comment_status":"open","ping_status":"open","sticky":false,"template":"","format":"standard","meta":{"footnotes":""},"categories":[252],"tags":[354,13,313,15,305,76],"class_list":["post-227","post","type-post","status-publish","format-standard","has-post-thumbnail","hentry","category-agenda-nacional","tag-alberto-anaya","tag-claudia-sheinbaum","tag-plan-b","tag-pt","tag-revocacion-de-mandato","tag-senado"],"_links":{"self":[{"href":"https:\/\/eldiariorepublicamx.com\/index.php?rest_route=\/wp\/v2\/posts\/227","targetHints":{"allow":["GET"]}}],"collection":[{"href":"https:\/\/eldiariorepublicamx.com\/index.php?rest_route=\/wp\/v2\/posts"}],"about":[{"href":"https:\/\/eldiariorepublicamx.com\/index.php?rest_route=\/wp\/v2\/types\/post"}],"author":[{"embeddable":true,"href":"https:\/\/eldiariorepublicamx.com\/index.php?rest_route=\/wp\/v2\/users\/2"}],"replies":[{"embeddable":true,"href":"https:\/\/eldiariorepublicamx.com\/index.php?rest_route=%2Fwp%2Fv2%2Fcomments&post=227"}],"version-history":[{"count":0,"href":"https:\/\/eldiariorepublicamx.com\/index.php?rest_route=\/wp\/v2\/posts\/227\/revisions"}],"wp:featuredmedia":[{"embeddable":true,"href":"https:\/\/eldiariorepublicamx.com\/index.php?rest_route=\/wp\/v2\/media\/228"}],"wp:attachment":[{"href":"https:\/\/eldiariorepublicamx.com\/index.php?rest_route=%2Fwp%2Fv2%2Fmedia&parent=227"}],"wp:term":[{"taxonomy":"category","embeddable":true,"href":"https:\/\/eldiariorepublicamx.com\/index.php?rest_route=%2Fwp%2Fv2%2Fcategories&post=227"},{"taxonomy":"post_tag","embeddable":true,"href":"https:\/\/eldiariorepublicamx.com\/index.php?rest_route=%2Fwp%2Fv2%2Ftags&post=227"}],"curies":[{"name":"wp","href":"https:\/\/api.w.org\/{rel}","templated":true}]}}