{"id":223,"date":"2026-03-25T22:21:28","date_gmt":"2026-03-26T04:21:28","guid":{"rendered":"https:\/\/eldiariorepublicamx.com\/?p=223"},"modified":"2026-03-25T22:21:28","modified_gmt":"2026-03-26T04:21:28","slug":"sheinbaum-realizara-visita-a-zacatecas-el-sabado-para-revisar-programas-de-apoyo-social","status":"publish","type":"post","link":"https:\/\/eldiariorepublicamx.com\/?p=223","title":{"rendered":"Sheinbaum realizar\u00e1 visita a Zacatecas el s\u00e1bado para revisar programas de apoyo social"},"content":{"rendered":"<p>La presidenta Claudia Sheinbaum Pardo realizar\u00e1 una visita de trabajo al estado de Zacatecas este s\u00e1bado, con el objetivo de supervisar y evaluar los programas sociales y productivos que se desarrollan en la entidad, seg\u00fan inform\u00f3 el gobernador David Monreal \u00c1vila.<\/p>\n<h3>Anuncio tras reuni\u00f3n de trabajo<\/h3>\n<p>El mandatario estatal dio a conocer la agenda de la presidenta luego de una reuni\u00f3n con autoridades de los programas Alimentaci\u00f3n para el Bienestar, de la Secretar\u00eda de Agricultura y Desarrollo Rural (Sader) y de la Secretar\u00eda del Campo (Secampo). Monreal \u00c1vila destac\u00f3 que la visita coincide con el inicio del Festival Cultural Zacatecas 2026.<\/p>\n<h3>Contexto de movilizaciones agr\u00edcolas<\/h3>\n<p>La llegada de la mandataria federal ocurre en un momento en el que productores de frijol mantienen bloqueos viales en la capital del estado como forma de protesta. Los manifestantes han advertido que, si no reciben una respuesta satisfactoria de los gobiernos estatal y federal, buscar\u00e1n un di\u00e1logo directo con la presidenta durante su estancia en Zacatecas.<\/p>\n<p>Hasta el momento, las autoridades no se han pronunciado p\u00fablicamente respecto a las demandas del sector agr\u00edcola movilizado.<\/p>\n","protected":false},"excerpt":{"rendered":"<p>La presidenta Claudia Sheinbaum Pardo realizar\u00e1 una visita de trabajo al estado de Zacatecas este s\u00e1bado, con el objetivo de supervisar y evaluar los programas&hellip;<\/p>\n","protected":false},"author":2,"featured_media":224,"comment_status":"open","ping_status":"open","sticky":false,"template":"","format":"standard","meta":{"footnotes":""},"categories":[252,290],"tags":[13,348,350,349,347],"class_list":["post-223","post","type-post","status-publish","format-standard","has-post-thumbnail","hentry","category-agenda-nacional","category-sociedad-y-cultura","tag-claudia-sheinbaum","tag-david-monreal","tag-productores-de-frijol","tag-programas-sociales","tag-zacatecas"],"_links":{"self":[{"href":"https:\/\/eldiariorepublicamx.com\/index.php?rest_route=\/wp\/v2\/posts\/223","targetHints":{"allow":["GET"]}}],"collection":[{"href":"https:\/\/eldiariorepublicamx.com\/index.php?rest_route=\/wp\/v2\/posts"}],"about":[{"href":"https:\/\/eldiariorepublicamx.com\/index.php?rest_route=\/wp\/v2\/types\/post"}],"author":[{"embeddable":true,"href":"https:\/\/eldiariorepublicamx.com\/index.php?rest_route=\/wp\/v2\/users\/2"}],"replies":[{"embeddable":true,"href":"https:\/\/eldiariorepublicamx.com\/index.php?rest_route=%2Fwp%2Fv2%2Fcomments&post=223"}],"version-history":[{"count":0,"href":"https:\/\/eldiariorepublicamx.com\/index.php?rest_route=\/wp\/v2\/posts\/223\/revisions"}],"wp:featuredmedia":[{"embeddable":true,"href":"https:\/\/eldiariorepublicamx.com\/index.php?rest_route=\/wp\/v2\/media\/224"}],"wp:attachment":[{"href":"https:\/\/eldiariorepublicamx.com\/index.php?rest_route=%2Fwp%2Fv2%2Fmedia&parent=223"}],"wp:term":[{"taxonomy":"category","embeddable":true,"href":"https:\/\/eldiariorepublicamx.com\/index.php?rest_route=%2Fwp%2Fv2%2Fcategories&post=223"},{"taxonomy":"post_tag","embeddable":true,"href":"https:\/\/eldiariorepublicamx.com\/index.php?rest_route=%2Fwp%2Fv2%2Ftags&post=223"}],"curies":[{"name":"wp","href":"https:\/\/api.w.org\/{rel}","templated":true}]}}