{"id":221,"date":"2026-03-25T22:21:26","date_gmt":"2026-03-26T04:21:26","guid":{"rendered":"https:\/\/eldiariorepublicamx.com\/?p=221"},"modified":"2026-03-25T22:21:26","modified_gmt":"2026-03-26T04:21:26","slug":"partido-verde-asegura-coalicion-electoral-con-morena-y-pt-rumbo-a-los-comicios-de-2027","status":"publish","type":"post","link":"https:\/\/eldiariorepublicamx.com\/?p=221","title":{"rendered":"Partido Verde asegura coalici\u00f3n electoral con Morena y PT rumbo a los comicios de 2027"},"content":{"rendered":"<p>El Partido Verde Ecologista de M\u00e9xico (PVEM) ha confirmado que mantendr\u00e1 su alianza con Morena y el Partido del Trabajo para los pr\u00f3ximos procesos electorales federales y locales en Durango, con el fin de respaldar el proyecto de la Cuarta Transformaci\u00f3n.<\/p>\n<h3>Compromiso con la transformaci\u00f3n<\/h3>\n<p>Alan Gonz\u00e1lez Pacheco, secretario de Organizaci\u00f3n del PVEM, afirm\u00f3 que la coalici\u00f3n se mantiene firme rumbo a las elecciones de 2027, a pesar de las diferencias que puedan existir entre los partidos integrantes en torno a temas como la reforma electoral.<\/p>\n<p>Gonzalez Pacheco precis\u00f3 que, de acuerdo con lo se\u00f1alado por el diputado federal Gerardo Villarreal, la alianza continuar\u00e1 para la definici\u00f3n de candidaturas a diputados federales y locales, con el objetivo principal de consolidar el proyecto de transformaci\u00f3n en el pa\u00eds.<\/p>\n<blockquote><p>El acompa\u00f1amiento no significa sumisi\u00f3n; podemos diferir en algunas cuestiones, pero siempre trabajaremos de la mano<\/p><\/blockquote>\n<h3>Unidad frente a la oposici\u00f3n<\/h3>\n<p>El dirigente consider\u00f3 que las alianzas se fortalecen ante los intentos de la oposici\u00f3n por debilitarlas y recalc\u00f3 que el objetivo central es el triunfo electoral y la continuidad del proyecto pol\u00edtico.<\/p>\n<p>En cuanto al llamado \u201cPlan B\u201d, Gonz\u00e1lez Pacheco indic\u00f3 que el Partido Verde mantiene su respaldo, recordando el compromiso p\u00fablico de los partidos para acompa\u00f1ar esta iniciativa impulsada por la presidenta Claudia Sheinbaum Pardo.<\/p>\n<h3>Impacto en la representaci\u00f3n local<\/h3>\n<p>Sobre la posible afectaci\u00f3n en la distribuci\u00f3n de espacios para elecciones municipales, declar\u00f3 que en Durango no se prev\u00e9n impactos negativos, ya que el estado mantiene un nivel medio de representaci\u00f3n sin excedentes en cargos como regidur\u00edas que impliquen un mayor gasto p\u00fablico.<\/p>\n<p>Finalmente, concluy\u00f3 que el an\u00e1lisis de estos ajustes deber\u00e1 centrarse en entidades con sobrerrepresentaci\u00f3n, mientras que en Durango se cuenta con el equilibrio necesario.<\/p>\n","protected":false},"excerpt":{"rendered":"<p>El Partido Verde Ecologista de M\u00e9xico (PVEM) ha confirmado que mantendr\u00e1 su alianza con Morena y el Partido del Trabajo para los pr\u00f3ximos procesos electorales&hellip;<\/p>\n","protected":false},"author":2,"featured_media":222,"comment_status":"open","ping_status":"open","sticky":false,"template":"","format":"standard","meta":{"footnotes":""},"categories":[252],"tags":[344,346,345,131,18,211,15,16],"class_list":["post-221","post","type-post","status-publish","format-standard","has-post-thumbnail","hentry","category-agenda-nacional","tag-alianza","tag-cuarta-transformacion","tag-durango","tag-elecciones-2027","tag-morena","tag-partido-verde","tag-pt","tag-pvem"],"_links":{"self":[{"href":"https:\/\/eldiariorepublicamx.com\/index.php?rest_route=\/wp\/v2\/posts\/221","targetHints":{"allow":["GET"]}}],"collection":[{"href":"https:\/\/eldiariorepublicamx.com\/index.php?rest_route=\/wp\/v2\/posts"}],"about":[{"href":"https:\/\/eldiariorepublicamx.com\/index.php?rest_route=\/wp\/v2\/types\/post"}],"author":[{"embeddable":true,"href":"https:\/\/eldiariorepublicamx.com\/index.php?rest_route=\/wp\/v2\/users\/2"}],"replies":[{"embeddable":true,"href":"https:\/\/eldiariorepublicamx.com\/index.php?rest_route=%2Fwp%2Fv2%2Fcomments&post=221"}],"version-history":[{"count":0,"href":"https:\/\/eldiariorepublicamx.com\/index.php?rest_route=\/wp\/v2\/posts\/221\/revisions"}],"wp:featuredmedia":[{"embeddable":true,"href":"https:\/\/eldiariorepublicamx.com\/index.php?rest_route=\/wp\/v2\/media\/222"}],"wp:attachment":[{"href":"https:\/\/eldiariorepublicamx.com\/index.php?rest_route=%2Fwp%2Fv2%2Fmedia&parent=221"}],"wp:term":[{"taxonomy":"category","embeddable":true,"href":"https:\/\/eldiariorepublicamx.com\/index.php?rest_route=%2Fwp%2Fv2%2Fcategories&post=221"},{"taxonomy":"post_tag","embeddable":true,"href":"https:\/\/eldiariorepublicamx.com\/index.php?rest_route=%2Fwp%2Fv2%2Ftags&post=221"}],"curies":[{"name":"wp","href":"https:\/\/api.w.org\/{rel}","templated":true}]}}