{"id":219,"date":"2026-03-25T22:21:23","date_gmt":"2026-03-26T04:21:23","guid":{"rendered":"https:\/\/eldiariorepublicamx.com\/?p=219"},"modified":"2026-03-25T22:21:23","modified_gmt":"2026-03-26T04:21:23","slug":"senador-de-morena-rechaza-que-companeros-lo-resguardaran-ante-presencia-de-alcaldesa-de-uruapan","status":"publish","type":"post","link":"https:\/\/eldiariorepublicamx.com\/?p=219","title":{"rendered":"Senador de Morena rechaza que compa\u00f1eros lo resguardaran ante presencia de alcaldesa de Uruapan"},"content":{"rendered":"<p>El senador Ra\u00fal Mor\u00f3n desestim\u00f3 la interpretaci\u00f3n de que algunos legisladores de su partido, Morena, intervinieron para protegerlo durante la presencia de la alcaldesa de Uruapan, Grecia Quiroz, en el Pleno de la C\u00e1mara Alta.<\/p>\n<h3>Solidaridad como explicaci\u00f3n<\/h3>\n<p>En declaraciones realizadas este 25 de marzo de 2026, Mor\u00f3n describi\u00f3 los c\u00e1nticos de apoyo de sus compa\u00f1eros como un gesto de solidaridad y no como una defensa. &#8220;Es una actitud solidaria de ellos y se agradece&#8221;, afirm\u00f3 el pol\u00edtico michoacano.<\/p>\n<p>La situaci\u00f3n ocurri\u00f3 luego de que Grecia Quiroz, viuda de Carlos Manzo, ingresara al recinto por invitaci\u00f3n del senador Emmanuel Reyes, tambi\u00e9n de Morena.<\/p>\n<h3>Negaci\u00f3n de protecci\u00f3n<\/h3>\n<p>Ante la pregunta de si los senadores que corearon su nombre lo estaban resguardando, Mor\u00f3n fue enf\u00e1tico: &#8220;No no, \u00bfde qu\u00e9 me estaban defendiendo? Es una manifestaci\u00f3n normal de los compa\u00f1eros&#8221;.<\/p>\n<p>Con esta declaraci\u00f3n, el legislador busc\u00f3 aclarar la naturaleza del apoyo recibido, enfatizando el car\u00e1cter fraterno y de respaldo mutuo dentro del grupo parlamentario.<\/p>\n","protected":false},"excerpt":{"rendered":"<p>El senador Ra\u00fal Mor\u00f3n desestim\u00f3 la interpretaci\u00f3n de que algunos legisladores de su partido, Morena, intervinieron para protegerlo durante la presencia de la alcaldesa de&hellip;<\/p>\n","protected":false},"author":2,"featured_media":220,"comment_status":"open","ping_status":"open","sticky":false,"template":"","format":"standard","meta":{"footnotes":""},"categories":[252],"tags":[342,18,340,341,343],"class_list":["post-219","post","type-post","status-publish","format-standard","has-post-thumbnail","hentry","category-agenda-nacional","tag-grecia-quiroz","tag-morena","tag-moron","tag-senadores","tag-uruapan"],"_links":{"self":[{"href":"https:\/\/eldiariorepublicamx.com\/index.php?rest_route=\/wp\/v2\/posts\/219","targetHints":{"allow":["GET"]}}],"collection":[{"href":"https:\/\/eldiariorepublicamx.com\/index.php?rest_route=\/wp\/v2\/posts"}],"about":[{"href":"https:\/\/eldiariorepublicamx.com\/index.php?rest_route=\/wp\/v2\/types\/post"}],"author":[{"embeddable":true,"href":"https:\/\/eldiariorepublicamx.com\/index.php?rest_route=\/wp\/v2\/users\/2"}],"replies":[{"embeddable":true,"href":"https:\/\/eldiariorepublicamx.com\/index.php?rest_route=%2Fwp%2Fv2%2Fcomments&post=219"}],"version-history":[{"count":0,"href":"https:\/\/eldiariorepublicamx.com\/index.php?rest_route=\/wp\/v2\/posts\/219\/revisions"}],"wp:featuredmedia":[{"embeddable":true,"href":"https:\/\/eldiariorepublicamx.com\/index.php?rest_route=\/wp\/v2\/media\/220"}],"wp:attachment":[{"href":"https:\/\/eldiariorepublicamx.com\/index.php?rest_route=%2Fwp%2Fv2%2Fmedia&parent=219"}],"wp:term":[{"taxonomy":"category","embeddable":true,"href":"https:\/\/eldiariorepublicamx.com\/index.php?rest_route=%2Fwp%2Fv2%2Fcategories&post=219"},{"taxonomy":"post_tag","embeddable":true,"href":"https:\/\/eldiariorepublicamx.com\/index.php?rest_route=%2Fwp%2Fv2%2Ftags&post=219"}],"curies":[{"name":"wp","href":"https:\/\/api.w.org\/{rel}","templated":true}]}}