{"id":209,"date":"2026-03-25T20:47:02","date_gmt":"2026-03-26T02:47:02","guid":{"rendered":"https:\/\/eldiariorepublicamx.com\/?p=209"},"modified":"2026-03-25T20:47:02","modified_gmt":"2026-03-26T02:47:02","slug":"durante-la-conferencia-matutina-gobierno-mexicano-informa-sobre-13-connacionales-fallecidos-en-custodia-del-ice","status":"publish","type":"post","link":"https:\/\/eldiariorepublicamx.com\/?p=209","title":{"rendered":"Durante la conferencia matutina, gobierno mexicano informa sobre 13 connacionales fallecidos en custodia del ICE"},"content":{"rendered":"<p>En la conferencia de prensa matutina de este mi\u00e9rcoles, autoridades mexicanas revelaron que, en el \u00faltimo a\u00f1o, trece ciudadanos mexicanos han perdido la vida mientras estaban bajo custodia o durante operaciones del Servicio de Inmigraci\u00f3n y Control de Aduanas de Estados Unidos (ICE).<\/p>\n<h3>Detalles y distribuci\u00f3n de los casos<\/h3>\n<p>El subsecretario para Am\u00e9rica del Norte, Roberto Velasco, fue quien present\u00f3 las cifras durante la sesi\u00f3n informativa. Los fallecimientos ocurrieron en varios estados de la Uni\u00f3n Americana: cuatro en California, tres en Georgia, dos en Arizona, uno en Texas, uno en Florida, uno en Missouri y otro en una entidad no identificada.<\/p>\n<p>Las edades de las v\u00edctimas oscilaron entre los 19 y los 69 a\u00f1os. Seg\u00fan los reportes exhibidos, las causas de muerte incluyeron seis casos por complicaciones m\u00e9dicas, cuatro por suicidio, dos durante operativos del ICE y uno en un tiroteo en la ciudad de Dallas.<\/p>\n<h3>Acciones diplom\u00e1ticas y legales emprendidas<\/h3>\n<p>El funcionario tambi\u00e9n inform\u00f3 que el gobierno mexicano ya ha presentado protestas formales ante las autoridades estadounidenses en Washington. Respecto a las muertes, se explic\u00f3 que existen dos demandas interpuestas por familiares de las v\u00edctimas.<\/p>\n<p>De nueve casos con procesos legales en curso, cinco cuentan con representaci\u00f3n jur\u00eddica a trav\u00e9s de programas de la Secretar\u00eda de Relaciones Exteriores, mientras que los cuatro restantes tienen abogados privados.<\/p>\n<p>Adicionalmente, M\u00e9xico ha enviado catorce comunicaciones diplom\u00e1ticas a Estados Unidos para manifestar su desacuerdo y preocupaci\u00f3n. El Departamento de Estado norteamericano ha respondido a doce de ellas, y en todos los casos se han iniciado investigaciones internas, seg\u00fan lo reportado.<\/p>\n<h3>Cifras de detenci\u00f3n y labor consular<\/h3>\n<p>Por su parte, el canciller Juan Ram\u00f3n de la Fuente aport\u00f3 m\u00e1s datos sobre la situaci\u00f3n de los mexicanos en Estados Unidos. Inform\u00f3 que, desde el 20 de enero de 2025, el ICE ha detenido a 177,192 connacionales. En la actualidad, 13,722 mexicanos permanecen bajo custodia.<\/p>\n<p>El secretario de Relaciones Exteriores resalt\u00f3 la intensa labor de protecci\u00f3n consular, se\u00f1alando que se han realizado 12,866 visitas a los distintos centros de detenci\u00f3n para verificar las condiciones y brindar asistencia a los ciudadanos mexicanos.<\/p>\n","protected":false},"excerpt":{"rendered":"<p>En la conferencia de prensa matutina de este mi\u00e9rcoles, autoridades mexicanas revelaron que, en el \u00faltimo a\u00f1o, trece ciudadanos mexicanos han perdido la vida mientras&hellip;<\/p>\n","protected":false},"author":2,"featured_media":210,"comment_status":"open","ping_status":"open","sticky":false,"template":"","format":"standard","meta":{"footnotes":""},"categories":[251],"tags":[328,329,330,327,155],"class_list":["post-209","post","type-post","status-publish","format-standard","has-post-thumbnail","hentry","category-la-mananera-en-breve","tag-connacionales","tag-detenidos","tag-diplomacia","tag-fallecidos","tag-ice"],"_links":{"self":[{"href":"https:\/\/eldiariorepublicamx.com\/index.php?rest_route=\/wp\/v2\/posts\/209","targetHints":{"allow":["GET"]}}],"collection":[{"href":"https:\/\/eldiariorepublicamx.com\/index.php?rest_route=\/wp\/v2\/posts"}],"about":[{"href":"https:\/\/eldiariorepublicamx.com\/index.php?rest_route=\/wp\/v2\/types\/post"}],"author":[{"embeddable":true,"href":"https:\/\/eldiariorepublicamx.com\/index.php?rest_route=\/wp\/v2\/users\/2"}],"replies":[{"embeddable":true,"href":"https:\/\/eldiariorepublicamx.com\/index.php?rest_route=%2Fwp%2Fv2%2Fcomments&post=209"}],"version-history":[{"count":0,"href":"https:\/\/eldiariorepublicamx.com\/index.php?rest_route=\/wp\/v2\/posts\/209\/revisions"}],"wp:featuredmedia":[{"embeddable":true,"href":"https:\/\/eldiariorepublicamx.com\/index.php?rest_route=\/wp\/v2\/media\/210"}],"wp:attachment":[{"href":"https:\/\/eldiariorepublicamx.com\/index.php?rest_route=%2Fwp%2Fv2%2Fmedia&parent=209"}],"wp:term":[{"taxonomy":"category","embeddable":true,"href":"https:\/\/eldiariorepublicamx.com\/index.php?rest_route=%2Fwp%2Fv2%2Fcategories&post=209"},{"taxonomy":"post_tag","embeddable":true,"href":"https:\/\/eldiariorepublicamx.com\/index.php?rest_route=%2Fwp%2Fv2%2Ftags&post=209"}],"curies":[{"name":"wp","href":"https:\/\/api.w.org\/{rel}","templated":true}]}}