{"id":207,"date":"2026-03-25T20:46:58","date_gmt":"2026-03-26T02:46:58","guid":{"rendered":"https:\/\/eldiariorepublicamx.com\/?p=207"},"modified":"2026-03-25T20:46:58","modified_gmt":"2026-03-26T02:46:58","slug":"en-la-conferencia-matutina-sheinbaum-destaca-el-precio-competitivo-de-la-gasolina-en-tampico","status":"publish","type":"post","link":"https:\/\/eldiariorepublicamx.com\/?p=207","title":{"rendered":"En la conferencia matutina, Sheinbaum destaca el precio competitivo de la gasolina en Tampico"},"content":{"rendered":"<p>Durante su conferencia de prensa diaria, la presidenta Claudia Sheinbaum inform\u00f3 que una estaci\u00f3n de servicio en Tampico, Tamaulipas, ostenta el precio m\u00e1s bajo de gasolina en toda la regi\u00f3n noreste de M\u00e9xico.<\/p>\n<h3>Precios accesibles en Tamaulipas<\/h3>\n<p>De acuerdo con datos revelados, el costo por litro en la estaci\u00f3n ubicada en avenida Hidalgo es de 23.59 pesos, un monto que posiciona a la ciudad portuaria como la de menor precio en combustible. La Procuradur\u00eda Federal del Consumidor (Profeco) ha se\u00f1alado que esta estaci\u00f3n local se destaca por su tarifa accesible, particularmente en gasolina magna, en medio de un contexto nacional de incrementos.<\/p>\n<p>Adem\u00e1s, la Comisi\u00f3n Nacional de Energ\u00eda reporta que el promedio estatal en Tamaulipas es de 21.90 pesos por litro, lo que lo convierte en uno de los m\u00e1s competitivos del pa\u00eds. De las 625 estaciones de servicio en la entidad, el 66 por ciento pertenece a la marca Pemex, mientras que el resto corresponde a franquicias de capital nacional y extranjero.<\/p>\n<h3>Acciones del gobierno federal<\/h3>\n<p>Esta situaci\u00f3n favorable se enmarca dentro de las medidas que el gobierno mexicano ha implementado para estabilizar los precios. Se ha reactivado un subsidio al impuesto de combustible, que estar\u00e1 vigente durante la semana del 21 al 27 de marzo y que aplica para gasolina magna, premium y di\u00e9sel.<\/p>\n<p>La mandataria explic\u00f3 que la administraci\u00f3n cuenta con mecanismos fiscales para contrarrestar las alzas en los combustibles, especialmente ante un panorama internacional complejo marcado por conflictos en Medio Oriente que afectan el precio global del petr\u00f3leo.<\/p>\n<p>El objetivo de estas acciones, seg\u00fan mencion\u00f3 Sheinbaum, es mantener un suministro energ\u00e9tico estable y garantizar precios accesibles para la poblaci\u00f3n, mitigando el impacto de las fluctuaciones internacionales.<\/p>\n","protected":false},"excerpt":{"rendered":"<p>Durante su conferencia de prensa diaria, la presidenta Claudia Sheinbaum inform\u00f3 que una estaci\u00f3n de servicio en Tampico, Tamaulipas, ostenta el precio m\u00e1s bajo de&hellip;<\/p>\n","protected":false},"author":2,"featured_media":208,"comment_status":"open","ping_status":"open","sticky":false,"template":"","format":"standard","meta":{"footnotes":""},"categories":[251],"tags":[323,324,125,288,326,325],"class_list":["post-207","post","type-post","status-publish","format-standard","has-post-thumbnail","hentry","category-la-mananera-en-breve","tag-gasolina","tag-precio","tag-profeco","tag-sheinbaum","tag-subsidio","tag-tampico"],"_links":{"self":[{"href":"https:\/\/eldiariorepublicamx.com\/index.php?rest_route=\/wp\/v2\/posts\/207","targetHints":{"allow":["GET"]}}],"collection":[{"href":"https:\/\/eldiariorepublicamx.com\/index.php?rest_route=\/wp\/v2\/posts"}],"about":[{"href":"https:\/\/eldiariorepublicamx.com\/index.php?rest_route=\/wp\/v2\/types\/post"}],"author":[{"embeddable":true,"href":"https:\/\/eldiariorepublicamx.com\/index.php?rest_route=\/wp\/v2\/users\/2"}],"replies":[{"embeddable":true,"href":"https:\/\/eldiariorepublicamx.com\/index.php?rest_route=%2Fwp%2Fv2%2Fcomments&post=207"}],"version-history":[{"count":0,"href":"https:\/\/eldiariorepublicamx.com\/index.php?rest_route=\/wp\/v2\/posts\/207\/revisions"}],"wp:featuredmedia":[{"embeddable":true,"href":"https:\/\/eldiariorepublicamx.com\/index.php?rest_route=\/wp\/v2\/media\/208"}],"wp:attachment":[{"href":"https:\/\/eldiariorepublicamx.com\/index.php?rest_route=%2Fwp%2Fv2%2Fmedia&parent=207"}],"wp:term":[{"taxonomy":"category","embeddable":true,"href":"https:\/\/eldiariorepublicamx.com\/index.php?rest_route=%2Fwp%2Fv2%2Fcategories&post=207"},{"taxonomy":"post_tag","embeddable":true,"href":"https:\/\/eldiariorepublicamx.com\/index.php?rest_route=%2Fwp%2Fv2%2Ftags&post=207"}],"curies":[{"name":"wp","href":"https:\/\/api.w.org\/{rel}","templated":true}]}}