{"id":191,"date":"2026-03-24T23:13:31","date_gmt":"2026-03-25T05:13:31","guid":{"rendered":"https:\/\/eldiariorepublicamx.com\/?p=191"},"modified":"2026-03-24T23:13:31","modified_gmt":"2026-03-25T05:13:31","slug":"camara-de-diputados-respalda-unanimemente-nueva-legislacion-para-el-cine-y-sector-audiovisual-mexicano","status":"publish","type":"post","link":"https:\/\/eldiariorepublicamx.com\/?p=191","title":{"rendered":"C\u00e1mara de Diputados respalda un\u00e1nimemente nueva legislaci\u00f3n para el cine y sector audiovisual mexicano"},"content":{"rendered":"<p>La C\u00e1mara de Diputados dio luz verde por unanimidad a la nueva Ley Federal de Cine y Audiovisual, una iniciativa que sustituye la normativa vigente desde 1992. El dictamen recibi\u00f3 466 votos a favor en lo general y 462 en lo particular, sin votos en contra ni abstenciones, y fue enviado al Senado de la Rep\u00fablica para su siguiente tr\u00e1mite.<\/p>\n<h3>Defensa de la producci\u00f3n nacional<\/h3>\n<p>Alma de la Vega, diputada de Morena y presidenta de la Comisi\u00f3n de Cultura y Cinematograf\u00eda, present\u00f3 la propuesta legislativa. En su exposici\u00f3n, destac\u00f3 que M\u00e9xico ocupa el cuarto lugar mundial en n\u00famero de pantallas de cine, pero solo el 4% de los boletos vendidos corresponden a producciones nacionales. <\/p>\n<blockquote><p>&#8220;Esto no es casualidad, responde a una realidad marcada por la concentraci\u00f3n en la distribuci\u00f3n y exhibici\u00f3n de contenidos extranjeros que limita el acceso del p\u00fablico a las producciones mexicanas&#8221;, asegur\u00f3.<\/p><\/blockquote>\n<p>De la Vega enfatiz\u00f3 que la responsabilidad del Estado es actuar ante esta situaci\u00f3n y afirm\u00f3 que la presidenta Claudia Sheinbaum ha respondido con esta ley. <\/p>\n<blockquote><p>&#8220;No puede restringir la creatividad y no para imponer contenidos, sino para garantizar condiciones equitativas para que el cine mexicano tenga presencia, visibilidad y oportunidades reales, porque defender el cine nacional es un acto de defensa cultural&#8221;, garantiz\u00f3.<\/p><\/blockquote>\n<h3>Principales disposiciones de la nueva ley<\/h3>\n<p>Entre las medidas clave que establece la nueva legislaci\u00f3n, la morenista se\u00f1al\u00f3 una cuota m\u00ednima obligatoria del 10% del tiempo de exhibici\u00f3n en salas para obras nacionales, con una permanencia m\u00ednima de catorce d\u00edas, lo que duplica el tiempo actual. Tambi\u00e9n se incluye la obligaci\u00f3n para las plataformas digitales de contar con una secci\u00f3n visible y permanente para contenidos mexicanos.<\/p>\n<p>Adem\u00e1s, se contemplan incentivos fiscales de hasta el 30% del costo de producci\u00f3n para generar empleos, fortalecer cadenas productivas y fomentar la inversi\u00f3n. La ley tambi\u00e9n promueve medidas de inclusi\u00f3n y accesibilidad, como subtitulaje y autodescripci\u00f3n para personas con discapacidad, as\u00ed como apoyos para creadores ind\u00edgenas y afromexicanos. Una disposici\u00f3n establece que una copia de cada pel\u00edcula mexicana ser\u00e1 resguardada en la Cineteca Nacional.<\/p>\n<h3>Posici\u00f3n de la oposici\u00f3n y advertencias<\/h3>\n<p>Desde la bancada de Movimiento Ciudadano, el diputado Gibr\u00e1n Ram\u00edrez celebr\u00f3 que se corrija <\/p>\n<blockquote><p>&#8220;la tendencia del desprecio a la cultura que marc\u00f3 el gobierno anterior&#8221;<\/p><\/blockquote>\n<p>, refiri\u00e9ndose al primer gobierno de Morena. Sin embargo, expres\u00f3 preocupaci\u00f3n por la disponibilidad de presupuesto para implementar la ley, advirtiendo que legislar sin fondos genera expectativas que podr\u00edan no cumplirse.<\/p>\n<p>La diputada Ofelia Jasso, del PRI, consider\u00f3 que la ley intenta corregir los errores y el abandono a la industria durante el sexenio pasado, recordando que su partido ya hab\u00eda denunciado en 2020 los efectos de la desaparici\u00f3n de fondos como el Fidecine. <\/p>\n<blockquote><p>&#8220;Es as\u00ed como esta ley viene a tapar un hoyo que abri\u00f3 el propio gobierno de la Cuarta Transformaci\u00f3n&#8221;, abund\u00f3.<\/p><\/blockquote>\n<p>Por su parte, el diputado panista Omar Antonio Borboa coincidi\u00f3 en que no se pueden ampliar derechos sin financiamiento y advirti\u00f3 sobre posibles riesgos en materia de competencia econ\u00f3mica y conflictos con tratados internacionales, se\u00f1alando que la industria es parte de un mercado global.<\/p>\n","protected":false},"excerpt":{"rendered":"<p>La C\u00e1mara de Diputados dio luz verde por unanimidad a la nueva Ley Federal de Cine y Audiovisual, una iniciativa que sustituye la normativa vigente&hellip;<\/p>\n","protected":false},"author":2,"featured_media":192,"comment_status":"open","ping_status":"open","sticky":false,"template":"","format":"standard","meta":{"footnotes":""},"categories":[252,290],"tags":[284,311,310,18,312],"class_list":["post-191","post","type-post","status-publish","format-standard","has-post-thumbnail","hentry","category-agenda-nacional","category-sociedad-y-cultura","tag-camara-de-diputados","tag-cultura","tag-ley-federal-de-cine","tag-morena","tag-produccion-nacional"],"_links":{"self":[{"href":"https:\/\/eldiariorepublicamx.com\/index.php?rest_route=\/wp\/v2\/posts\/191","targetHints":{"allow":["GET"]}}],"collection":[{"href":"https:\/\/eldiariorepublicamx.com\/index.php?rest_route=\/wp\/v2\/posts"}],"about":[{"href":"https:\/\/eldiariorepublicamx.com\/index.php?rest_route=\/wp\/v2\/types\/post"}],"author":[{"embeddable":true,"href":"https:\/\/eldiariorepublicamx.com\/index.php?rest_route=\/wp\/v2\/users\/2"}],"replies":[{"embeddable":true,"href":"https:\/\/eldiariorepublicamx.com\/index.php?rest_route=%2Fwp%2Fv2%2Fcomments&post=191"}],"version-history":[{"count":0,"href":"https:\/\/eldiariorepublicamx.com\/index.php?rest_route=\/wp\/v2\/posts\/191\/revisions"}],"wp:featuredmedia":[{"embeddable":true,"href":"https:\/\/eldiariorepublicamx.com\/index.php?rest_route=\/wp\/v2\/media\/192"}],"wp:attachment":[{"href":"https:\/\/eldiariorepublicamx.com\/index.php?rest_route=%2Fwp%2Fv2%2Fmedia&parent=191"}],"wp:term":[{"taxonomy":"category","embeddable":true,"href":"https:\/\/eldiariorepublicamx.com\/index.php?rest_route=%2Fwp%2Fv2%2Fcategories&post=191"},{"taxonomy":"post_tag","embeddable":true,"href":"https:\/\/eldiariorepublicamx.com\/index.php?rest_route=%2Fwp%2Fv2%2Ftags&post=191"}],"curies":[{"name":"wp","href":"https:\/\/api.w.org\/{rel}","templated":true}]}}