{"id":186,"date":"2026-03-24T22:36:08","date_gmt":"2026-03-25T04:36:08","guid":{"rendered":"https:\/\/eldiariorepublicamx.com\/?p=186"},"modified":"2026-03-24T22:36:08","modified_gmt":"2026-03-25T04:36:08","slug":"morena-avanza-con-reforma-electoral-al-aprobar-dictamen-en-comisiones-del-senado","status":"publish","type":"post","link":"https:\/\/eldiariorepublicamx.com\/?p=186","title":{"rendered":"Morena avanza con reforma electoral al aprobar dictamen en comisiones del Senado"},"content":{"rendered":"<p>La bancada mayoritaria de Morena en el Senado logr\u00f3 este martes la aprobaci\u00f3n en comisiones de una propuesta de cambios al sistema electoral, impulsada por la presidenta Claudia Sheinbaum, superando las objeciones de las fuerzas opositoras.<\/p>\n<h3>Detalles de la aprobaci\u00f3n y contenido central<\/h3>\n<p>El dictamen recibi\u00f3 24 votos a favor y 11 en contra en las Comisiones Unidas de Puntos Constitucionales y de Estudios Legislativos, allanando el camino para su discusi\u00f3n en el Pleno de la C\u00e1mara alta. La iniciativa, que incluye ajustes en materia de paridad de g\u00e9nero y modifica el n\u00famero m\u00e1ximo de regidores en ayuntamientos, mantiene su punto central: la posibilidad de que la consulta de revocaci\u00f3n de mandato presidencial coincida con las elecciones federales de 2027.<\/p>\n<p>El senador Pavel Jarero, representante del grupo parlamentario de Morena, defendi\u00f3 la propuesta al afirmar que su objetivo es reducir privilegios, unificar criterios salariales y robustecer la participaci\u00f3n de la ciudadan\u00eda. La bancada oficialista rechaz\u00f3 las acusaciones de la oposici\u00f3n, sosteniendo que la reforma preserva los principios del federalismo, la autonom\u00eda electoral y la democracia directa.<\/p>\n<h3>Cr\u00edticas y advertencias de la oposici\u00f3n<\/h3>\n<p>Legisladores de los partidos de oposici\u00f3n expresaron su desacuerdo y alertaron sobre potenciales riesgos. La senadora Carolina Viggiano Austria, del PRI, se\u00f1al\u00f3 que el dise\u00f1o del mecanismo de revocaci\u00f3n podr\u00eda convertirlo en una herramienta de promoci\u00f3n pol\u00edtica para el Ejecutivo federal. <\/p>\n<blockquote><p>\u201cUna campa\u00f1a con un solo competidor no es consulta ciudadana, es propaganda gubernamental\u201d,<\/p><\/blockquote>\n<p> manifest\u00f3, a\u00f1adiendo que el ejercicio podr\u00eda tener un costo aproximado de dos mil millones de pesos.<\/p>\n<p>Por su parte, el coordinador del PAN en el Senado, Ricardo Anaya, realiz\u00f3 una cr\u00edtica contundente durante el debate en comisiones, calificando la iniciativa como <\/p>\n<blockquote><p>\u201cla iniciativa m\u00e1s pobre, mal hecha y peor elaborada\u201d<\/p><\/blockquote>\n<p> enviada por la presidenta. Argument\u00f3 que la reforma no aborda problemas centrales como la injerencia del crimen organizado en los procesos electorales o la sobrerrepresentaci\u00f3n legislativa.<\/p>\n<p>El coordinador de Movimiento Ciudadano, Clemente Casta\u00f1eda, acus\u00f3 que el oficialismo busca ejercer presi\u00f3n sobre los legisladores opositores de cara a la votaci\u00f3n final y asegur\u00f3 que su bancada votar\u00e1 en bloque en contra, al considerar que la iniciativa otorga una ventaja indebida al Ejecutivo federal.<\/p>\n<h3>Pr\u00f3ximos pasos y contexto<\/h3>\n<p>Con la aprobaci\u00f3n en comisiones, el dictamen queda listo para ser sometido a discusi\u00f3n y votaci\u00f3n en el Pleno del Senado, donde Morena y sus aliados cuentan con los n\u00fameros necesarios para su eventual ratificaci\u00f3n. Este avance se produce despu\u00e9s de que un primer proyecto de reforma electoral fuera rechazado el pasado 11 de marzo.<\/p>\n<p>En lo espec\u00edfico, el dictamen establece que la consulta de revocaci\u00f3n de mandato podr\u00e1 llevarse a cabo el primer domingo de junio del tercer o cuarto a\u00f1o de gobierno, lo que abre la posibilidad de su coincidencia con los comicios intermedios.<\/p>\n","protected":false},"excerpt":{"rendered":"<p>La bancada mayoritaria de Morena en el Senado logr\u00f3 este martes la aprobaci\u00f3n en comisiones de una propuesta de cambios al sistema electoral, impulsada por&hellip;<\/p>\n","protected":false},"author":2,"featured_media":187,"comment_status":"open","ping_status":"open","sticky":false,"template":"","format":"standard","meta":{"footnotes":""},"categories":[252],"tags":[13,18,14,305,76],"class_list":["post-186","post","type-post","status-publish","format-standard","has-post-thumbnail","hentry","category-agenda-nacional","tag-claudia-sheinbaum","tag-morena","tag-reforma-electoral","tag-revocacion-de-mandato","tag-senado"],"_links":{"self":[{"href":"https:\/\/eldiariorepublicamx.com\/index.php?rest_route=\/wp\/v2\/posts\/186","targetHints":{"allow":["GET"]}}],"collection":[{"href":"https:\/\/eldiariorepublicamx.com\/index.php?rest_route=\/wp\/v2\/posts"}],"about":[{"href":"https:\/\/eldiariorepublicamx.com\/index.php?rest_route=\/wp\/v2\/types\/post"}],"author":[{"embeddable":true,"href":"https:\/\/eldiariorepublicamx.com\/index.php?rest_route=\/wp\/v2\/users\/2"}],"replies":[{"embeddable":true,"href":"https:\/\/eldiariorepublicamx.com\/index.php?rest_route=%2Fwp%2Fv2%2Fcomments&post=186"}],"version-history":[{"count":0,"href":"https:\/\/eldiariorepublicamx.com\/index.php?rest_route=\/wp\/v2\/posts\/186\/revisions"}],"wp:featuredmedia":[{"embeddable":true,"href":"https:\/\/eldiariorepublicamx.com\/index.php?rest_route=\/wp\/v2\/media\/187"}],"wp:attachment":[{"href":"https:\/\/eldiariorepublicamx.com\/index.php?rest_route=%2Fwp%2Fv2%2Fmedia&parent=186"}],"wp:term":[{"taxonomy":"category","embeddable":true,"href":"https:\/\/eldiariorepublicamx.com\/index.php?rest_route=%2Fwp%2Fv2%2Fcategories&post=186"},{"taxonomy":"post_tag","embeddable":true,"href":"https:\/\/eldiariorepublicamx.com\/index.php?rest_route=%2Fwp%2Fv2%2Ftags&post=186"}],"curies":[{"name":"wp","href":"https:\/\/api.w.org\/{rel}","templated":true}]}}