{"id":184,"date":"2026-03-24T22:28:26","date_gmt":"2026-03-25T04:28:26","guid":{"rendered":"https:\/\/eldiariorepublicamx.com\/?p=184"},"modified":"2026-03-24T22:28:26","modified_gmt":"2026-03-25T04:28:26","slug":"gobierno-federal-solicita-al-senado-permitir-entrenamiento-conjunto-con-estados-unidos-para-seguridad-del-mundial-2026","status":"publish","type":"post","link":"https:\/\/eldiariorepublicamx.com\/?p=184","title":{"rendered":"Gobierno federal solicita al Senado permitir entrenamiento conjunto con Estados Unidos para seguridad del Mundial 2026"},"content":{"rendered":"<p>La presidenta Claudia Sheinbaum solicit\u00f3 formalmente al Senado de la Rep\u00fablica autorizar la entrada a territorio nacional de 35 miembros de las Fuerzas Armadas de los Estados Unidos para realizar ejercicios de preparaci\u00f3n en el marco de la Copa Mundial de la FIFA 2026.<\/p>\n<h3>Dictamen en manos de la Comisi\u00f3n de Marina<\/h3>\n<p>La mesa directiva del Senado, encabezada por Laura Itzel Castillo, canaliz\u00f3 la petici\u00f3n a la Comisi\u00f3n de Marina para su an\u00e1lisis y posterior resoluci\u00f3n. El entrenamiento conjunto, denominado Evento SOF 32 &#8220;Adiestramiento en Preparaci\u00f3n para la Copa Mundial de la FIFA 2026 y Ejercicio VITAL ARCHER&#8221;, est\u00e1 programado para desarrollarse del 3 de abril al 1 de mayo del pr\u00f3ximo a\u00f1o.<\/p>\n<p>Seg\u00fan la solicitud presidencial, el objetivo principal de estos ejercicios es realizar ensayos que preparen a la Fuerza de Tarea del Mundial para responder ante posibles contingencias y optimizar la interoperabilidad entre las distintas unidades de la Marina de M\u00e9xico.<\/p>\n<h3>Participaci\u00f3n de m\u00faltiples unidades nacionales<\/h3>\n<p>En las actividades participar\u00e1n efectivos de la Unidad Naval de Operaciones Especiales de la Armada de M\u00e9xico, de la Unidad Naval de Protecci\u00f3n Aeroportuaria, de la propia Fuerza de Tarea del Mundial y de la Agencia Federal de Aviaci\u00f3n Civil.<\/p>\n<p>En la misma comunicaci\u00f3n, la mandataria tambi\u00e9n solicit\u00f3 autorizaci\u00f3n para que 332 tripulantes del Buque Escuela ARM &#8220;Cuauht\u00e9moc&#8221; puedan salir del pa\u00eds entre el 15 de julio y el 15 de octubre de 2026 para realizar el crucero de instrucci\u00f3n &#8220;Pac\u00edfico Norte 2026&#8221;.<\/p>\n<h3>Otros ejercicios internacionales autorizados<\/h3>\n<p>Adicionalmente, se pidi\u00f3 permiso para la salida de 70 elementos de los Batallones de Comandos Anfibios y Fusileros Paracaidistas de la Unidad Naval de Operaciones Especiales. Estos efectivos viajar\u00edan a los Estados Unidos para participar en el &#8220;Evento No. SOF 33 Capacitaci\u00f3n de las Fuerzas de Operaciones Especiales Mexicanas en los Estados Unidos Continentales&#8221;, programado del 1 de agosto al 26 de septiembre de 2026 en las instalaciones del Camp Shelby Joint Forces Training Center, en Mississippi.<\/p>\n","protected":false},"excerpt":{"rendered":"<p>La presidenta Claudia Sheinbaum solicit\u00f3 formalmente al Senado de la Rep\u00fablica autorizar la entrada a territorio nacional de 35 miembros de las Fuerzas Armadas de&hellip;<\/p>\n","protected":false},"author":2,"featured_media":185,"comment_status":"open","ping_status":"open","sticky":false,"template":"","format":"standard","meta":{"footnotes":""},"categories":[252,290],"tags":[25,205,304,204,120,76,288],"class_list":["post-184","post","type-post","status-publish","format-standard","has-post-thumbnail","hentry","category-agenda-nacional","category-sociedad-y-cultura","tag-entrenamiento","tag-estados-unidos","tag-fuerzas-armadas","tag-marina","tag-mundial-2026","tag-senado","tag-sheinbaum"],"_links":{"self":[{"href":"https:\/\/eldiariorepublicamx.com\/index.php?rest_route=\/wp\/v2\/posts\/184","targetHints":{"allow":["GET"]}}],"collection":[{"href":"https:\/\/eldiariorepublicamx.com\/index.php?rest_route=\/wp\/v2\/posts"}],"about":[{"href":"https:\/\/eldiariorepublicamx.com\/index.php?rest_route=\/wp\/v2\/types\/post"}],"author":[{"embeddable":true,"href":"https:\/\/eldiariorepublicamx.com\/index.php?rest_route=\/wp\/v2\/users\/2"}],"replies":[{"embeddable":true,"href":"https:\/\/eldiariorepublicamx.com\/index.php?rest_route=%2Fwp%2Fv2%2Fcomments&post=184"}],"version-history":[{"count":0,"href":"https:\/\/eldiariorepublicamx.com\/index.php?rest_route=\/wp\/v2\/posts\/184\/revisions"}],"wp:featuredmedia":[{"embeddable":true,"href":"https:\/\/eldiariorepublicamx.com\/index.php?rest_route=\/wp\/v2\/media\/185"}],"wp:attachment":[{"href":"https:\/\/eldiariorepublicamx.com\/index.php?rest_route=%2Fwp%2Fv2%2Fmedia&parent=184"}],"wp:term":[{"taxonomy":"category","embeddable":true,"href":"https:\/\/eldiariorepublicamx.com\/index.php?rest_route=%2Fwp%2Fv2%2Fcategories&post=184"},{"taxonomy":"post_tag","embeddable":true,"href":"https:\/\/eldiariorepublicamx.com\/index.php?rest_route=%2Fwp%2Fv2%2Ftags&post=184"}],"curies":[{"name":"wp","href":"https:\/\/api.w.org\/{rel}","templated":true}]}}