{"id":180,"date":"2026-03-24T22:28:21","date_gmt":"2026-03-25T04:28:21","guid":{"rendered":"https:\/\/eldiariorepublicamx.com\/?p=180"},"modified":"2026-03-24T22:28:21","modified_gmt":"2026-03-25T04:28:21","slug":"inicia-proceso-de-revision-de-gastos-del-poder-legislativo-por-parte-del-organo-de-fiscalizacion-estatal","status":"publish","type":"post","link":"https:\/\/eldiariorepublicamx.com\/?p=180","title":{"rendered":"Inicia proceso de revisi\u00f3n de gastos del Poder Legislativo por parte del \u00f3rgano de fiscalizaci\u00f3n estatal"},"content":{"rendered":"<p>El Instituto de Fiscalizaci\u00f3n Superior del Estado (IFSE) inform\u00f3 oficialmente al Congreso del Estado sobre el comienzo de la auditor\u00eda de la cuenta p\u00fablica correspondiente al ejercicio fiscal del a\u00f1o 2025. La notificaci\u00f3n fue entregada a la presidenta de la Directiva, Sara Rocha Medina; al presidente de la Junta de Coordinaci\u00f3n Pol\u00edtica, Roberto Garc\u00eda Castillo; y al presidente de la Comisi\u00f3n de Vigilancia de la Funci\u00f3n de Fiscalizaci\u00f3n, Luis Fernando G\u00e1mez Mac\u00edas.<\/p>\n<h3>Compromiso con la transparencia legislativa<\/h3>\n<p>Durante el acto, la diputada Rocha Medina destac\u00f3 que el Poder Legislativo debe ser el primero en dar muestra de transparencia y rendici\u00f3n de cuentas. <\/p>\n<blockquote><p>\u201cpor eso el IFSE inicia aqu\u00ed el trabajo de fiscalizaci\u00f3n, no solamente de manera f\u00edsica al tener los auditores un espacio permanente, sino en corresponsabilidad y disposici\u00f3n, como siempre ha sido en esta Legislatura en los diferentes temas relacionados\u201d.<\/p><\/blockquote>\n<p> Adem\u00e1s, exhort\u00f3 a los dem\u00e1s entes sujetos a revisi\u00f3n, especialmente los ayuntamientos, a que faciliten el acceso a los auditores para optimizar los resultados del proceso.<\/p>\n<h3>Metodolog\u00eda y alcance de la revisi\u00f3n<\/h3>\n<p>Joaqu\u00edn Rodrigo Leocurtois L\u00f3pez, titular del IFSE, explic\u00f3 que el Congreso del Estado es uno de los tres poderes que ser\u00e1n examinados conforme al programa operativo anual de auditor\u00eda. <\/p>\n<blockquote><p>\u201ca partir del programa operativo anual de auditor\u00eda, el Congreso el Estado es uno de los tres poderes del estado que vamos a revisar, e iniciamos aqu\u00ed porque se ha caracterizado, no nada m\u00e1s por la transparencia y la rendici\u00f3n de cuentas, sino que sus diputados a lo largo de la historia, como las legislaturas duran muy poco, son los principales interesados en que sus cuentas p\u00fablicas salgan bien\u201d.<\/p><\/blockquote>\n<p> Agreg\u00f3 que se ha asignado un espacio f\u00edsico para que los auditores puedan recabar toda la documentaci\u00f3n necesaria de primera mano.<\/p>\n<p>El funcionario detall\u00f3 que, a lo largo del a\u00f1o, se trabajar\u00e1 de manera coordinada para aclarar y transparentar todos los gastos realizados por el Congreso del Estado durante el ejercicio 2025. Este proceso se enmarca en el compromiso institucional con la rendici\u00f3n de cuentas y la correcta aplicaci\u00f3n de los recursos p\u00fablicos.<\/p>\n","protected":false},"excerpt":{"rendered":"<p>El Instituto de Fiscalizaci\u00f3n Superior del Estado (IFSE) inform\u00f3 oficialmente al Congreso del Estado sobre el comienzo de la auditor\u00eda de la cuenta p\u00fablica correspondiente&hellip;<\/p>\n","protected":false},"author":2,"featured_media":181,"comment_status":"open","ping_status":"open","sticky":false,"template":"","format":"standard","meta":{"footnotes":""},"categories":[252,290],"tags":[297,296,298,295,200],"class_list":["post-180","post","type-post","status-publish","format-standard","has-post-thumbnail","hentry","category-agenda-nacional","category-sociedad-y-cultura","tag-auditoria","tag-congreso-del-estado","tag-cuenta-publica","tag-ifse","tag-transparencia"],"_links":{"self":[{"href":"https:\/\/eldiariorepublicamx.com\/index.php?rest_route=\/wp\/v2\/posts\/180","targetHints":{"allow":["GET"]}}],"collection":[{"href":"https:\/\/eldiariorepublicamx.com\/index.php?rest_route=\/wp\/v2\/posts"}],"about":[{"href":"https:\/\/eldiariorepublicamx.com\/index.php?rest_route=\/wp\/v2\/types\/post"}],"author":[{"embeddable":true,"href":"https:\/\/eldiariorepublicamx.com\/index.php?rest_route=\/wp\/v2\/users\/2"}],"replies":[{"embeddable":true,"href":"https:\/\/eldiariorepublicamx.com\/index.php?rest_route=%2Fwp%2Fv2%2Fcomments&post=180"}],"version-history":[{"count":0,"href":"https:\/\/eldiariorepublicamx.com\/index.php?rest_route=\/wp\/v2\/posts\/180\/revisions"}],"wp:featuredmedia":[{"embeddable":true,"href":"https:\/\/eldiariorepublicamx.com\/index.php?rest_route=\/wp\/v2\/media\/181"}],"wp:attachment":[{"href":"https:\/\/eldiariorepublicamx.com\/index.php?rest_route=%2Fwp%2Fv2%2Fmedia&parent=180"}],"wp:term":[{"taxonomy":"category","embeddable":true,"href":"https:\/\/eldiariorepublicamx.com\/index.php?rest_route=%2Fwp%2Fv2%2Fcategories&post=180"},{"taxonomy":"post_tag","embeddable":true,"href":"https:\/\/eldiariorepublicamx.com\/index.php?rest_route=%2Fwp%2Fv2%2Ftags&post=180"}],"curies":[{"name":"wp","href":"https:\/\/api.w.org\/{rel}","templated":true}]}}