{"id":178,"date":"2026-03-24T20:56:32","date_gmt":"2026-03-25T02:56:32","guid":{"rendered":"https:\/\/eldiariorepublicamx.com\/?p=178"},"modified":"2026-03-24T20:56:32","modified_gmt":"2026-03-25T02:56:32","slug":"sheinbaum-propone-ley-para-investigar-como-feminicidio-toda-muerte-violenta-de-mujeres","status":"publish","type":"post","link":"https:\/\/eldiariorepublicamx.com\/?p=178","title":{"rendered":"Sheinbaum propone ley para investigar como feminicidio toda muerte violenta de mujeres"},"content":{"rendered":"<p>En la conferencia matutina de este martes, el gobierno federal present\u00f3 una iniciativa de ley para que cualquier deceso violento de una mujer sea investigado desde el inicio como un posible feminicidio, con el objetivo de homogeneizar y reforzar la persecuci\u00f3n de este delito en todo el pa\u00eds.<\/p>\n<h3>Cambios en la investigaci\u00f3n y sanciones<\/h3>\n<p>La fiscal general, Ernestina Godoy, detall\u00f3 que la propuesta modifica el marco jur\u00eddico para obligar a los Ministerios P\u00fablicos a no descartar casos bajo la hip\u00f3tesis de suicidio o accidente, persiguiendo el crimen de oficio. Adem\u00e1s, se establece una pena de &#8220;40 a 70 a\u00f1os de prisi\u00f3n&#8221;, y se sancionar\u00e1 la tentativa &#8220;con pena de prisi\u00f3n de entre la mitad hasta las dos terceras partes&#8221;.<\/p>\n<p>La ley contempla que el feminicida perder\u00e1 los derechos sobre sus propiedades y bienes, as\u00ed como la patria potestad de sus hijos, buscando una reparaci\u00f3n efectiva del da\u00f1o. Tambi\u00e9n plantea que la Fiscal\u00eda General de la Rep\u00fablica y las fiscal\u00edas estatales cuenten con unidades especializadas y personal capacitado para estas investigaciones.<\/p>\n<h3>Atenci\u00f3n a v\u00edctimas y tr\u00e1mite legislativo<\/h3>\n<p>Ingrid G\u00f3mez Sarasibar, subsecretaria del derecho a una vida libre de violencias, explic\u00f3 que la iniciativa crear\u00e1 un registro nacional de menores en situaci\u00f3n de orfandad por feminicidio. \u00abLa presente ley articula adem\u00e1s todos los derechos de las v\u00edctimas, y no s\u00f3lo para quien lamentablemente fueron arrebatadas de la vida, sino tambi\u00e9n para sus familiares y como lo dec\u00eda, sobre todo para los ni\u00f1os, ni\u00f1as y adolescentes que quedan en una situaci\u00f3n de orfandad por el feminicidio de sus madres\u00bb, se\u00f1al\u00f3.<\/p>\n<p>La presidenta Claudia Sheinbaum indic\u00f3 que la propuesta ser\u00e1 enviada al Senado entre hoy y ma\u00f1ana, expresando su esperanza en el apoyo de los legisladores para su aprobaci\u00f3n.<\/p>\n<p>A la presentaci\u00f3n en la ma\u00f1anera tambi\u00e9n acudi\u00f3 la secretaria de las Mujeres, Citlalli Hern\u00e1ndez, quien no intervino durante el evento tras llegar con retraso a la conferencia.<\/p>\n","protected":false},"excerpt":{"rendered":"<p>En la conferencia matutina de este martes, el gobierno federal present\u00f3 una iniciativa de ley para que cualquier deceso violento de una mujer sea investigado&hellip;<\/p>\n","protected":false},"author":2,"featured_media":179,"comment_status":"open","ping_status":"open","sticky":false,"template":"","format":"standard","meta":{"footnotes":""},"categories":[251],"tags":[13,294,292,293,76],"class_list":["post-178","post","type-post","status-publish","format-standard","has-post-thumbnail","hentry","category-la-mananera-en-breve","tag-claudia-sheinbaum","tag-ernestina-godoy","tag-feminicidio","tag-ley","tag-senado"],"_links":{"self":[{"href":"https:\/\/eldiariorepublicamx.com\/index.php?rest_route=\/wp\/v2\/posts\/178","targetHints":{"allow":["GET"]}}],"collection":[{"href":"https:\/\/eldiariorepublicamx.com\/index.php?rest_route=\/wp\/v2\/posts"}],"about":[{"href":"https:\/\/eldiariorepublicamx.com\/index.php?rest_route=\/wp\/v2\/types\/post"}],"author":[{"embeddable":true,"href":"https:\/\/eldiariorepublicamx.com\/index.php?rest_route=\/wp\/v2\/users\/2"}],"replies":[{"embeddable":true,"href":"https:\/\/eldiariorepublicamx.com\/index.php?rest_route=%2Fwp%2Fv2%2Fcomments&post=178"}],"version-history":[{"count":0,"href":"https:\/\/eldiariorepublicamx.com\/index.php?rest_route=\/wp\/v2\/posts\/178\/revisions"}],"wp:featuredmedia":[{"embeddable":true,"href":"https:\/\/eldiariorepublicamx.com\/index.php?rest_route=\/wp\/v2\/media\/179"}],"wp:attachment":[{"href":"https:\/\/eldiariorepublicamx.com\/index.php?rest_route=%2Fwp%2Fv2%2Fmedia&parent=178"}],"wp:term":[{"taxonomy":"category","embeddable":true,"href":"https:\/\/eldiariorepublicamx.com\/index.php?rest_route=%2Fwp%2Fv2%2Fcategories&post=178"},{"taxonomy":"post_tag","embeddable":true,"href":"https:\/\/eldiariorepublicamx.com\/index.php?rest_route=%2Fwp%2Fv2%2Ftags&post=178"}],"curies":[{"name":"wp","href":"https:\/\/api.w.org\/{rel}","templated":true}]}}