{"id":171,"date":"2026-03-24T02:25:50","date_gmt":"2026-03-24T08:25:50","guid":{"rendered":"https:\/\/eldiariorepublicamx.com\/?p=171"},"modified":"2026-03-24T02:25:50","modified_gmt":"2026-03-24T08:25:50","slug":"presidenta-sheinbaum-informa-en-su-conferencia-mananera-sobre-nuevas-diligencias-en-funeraria-de-iguala","status":"publish","type":"post","link":"https:\/\/eldiariorepublicamx.com\/?p=171","title":{"rendered":"Presidenta Sheinbaum informa en su conferencia ma\u00f1anera sobre nuevas diligencias en funeraria de Iguala"},"content":{"rendered":"<p>La presidenta de M\u00e9xico, Claudia Sheinbaum Pardo, anunci\u00f3 durante su conferencia matutina en Palacio Nacional que se realizar\u00e1n nuevas diligencias de b\u00fasqueda de restos humanos en una funeraria con crematorio de Iguala, Guerrero, la cual operaba de forma irregular.<\/p>\n<p>La mandataria federal detall\u00f3 que este sitio fue intervenido el viernes pasado y que sus propietarios ya han sido detenidos, en el marco de las indagatorias del caso Ayotzinapa.<\/p>\n<h3>Esquema de investigaci\u00f3n y validaci\u00f3n internacional<\/h3>\n<p>Sheinbaum tambi\u00e9n inform\u00f3 que solicit\u00f3 a la representaci\u00f3n en M\u00e9xico de la Organizaci\u00f3n de las Naciones Unidas que proponga expertos internacionales para validar el nuevo esquema de investigaci\u00f3n aplicado en el caso. <\/p>\n<blockquote><p>\u201cLo que hice fue pedirle a la representaci\u00f3n del alto comisionado de Naciones Unidas en M\u00e9xico, que pudiera presentarnos algunos expertos internacionales y puedan dar certeza que este nuevo esquema de investigaci\u00f3n que se est\u00e1 siguiendo es v\u00e1lido, est\u00e1 bien hecho, tiene las suficientes herramientas\u201d, explic\u00f3.<\/p><\/blockquote>\n<p>Adem\u00e1s, al inicio de su administraci\u00f3n, la presidenta solicit\u00f3 al fiscal general, Alejandro Gertz Manero, el cambio del fiscal encargado del caso para incorporar nuevas l\u00edneas, herramientas y m\u00e9todos de investigaci\u00f3n.<\/p>\n<h3>Resoluciones judiciales y entrega de informaci\u00f3n<\/h3>\n<p>Al ser cuestionada sobre una resoluci\u00f3n judicial que ordena a la Secretar\u00eda de la Defensa Nacional entregar m\u00e1s de 583 folios de informaci\u00f3n de inteligencia militar, Sheinbaum indic\u00f3 desconocer el estado actual de cumplimiento de dicho amparo.<\/p>\n<p>Mencion\u00f3 que existe otra resoluci\u00f3n emitida por un juez de Tamaulipas que deber\u00e1 ser revisada por la Suprema Corte de Justicia de la Naci\u00f3n. <\/p>\n<blockquote><p>\u201cEsa resoluci\u00f3n deber\u00e1 ser revisada por la Suprema Corte de Justicia de la Naci\u00f3n (SCJN), est\u00e1 en la Corte en este momento\u201d, se\u00f1al\u00f3.<\/p><\/blockquote>\n<p>Asimismo, afirm\u00f3 que la Sedena sostiene que ya ha entregado toda la informaci\u00f3n disponible desde hace tiempo. <\/p>\n<blockquote><p>\u201cDice y lo que sostiene es que se ha entregado todo lo que se tiene que entregar desde hace tiempo, que todo se ha entregado\u201d, afirm\u00f3.<\/p><\/blockquote>\n<p>Explic\u00f3 que la resoluci\u00f3n del juez de Tamaulipas podr\u00eda haber permitido la liberaci\u00f3n de personas implicadas por presuntos actos de tortura, algunas de las cuales podr\u00edan aportar testimonios relevantes.<\/p>\n<h3>Nuevos enfoques y participaciones<\/h3>\n<p>Sobre un posible regreso del Grupo Interdisciplinario de Expertos Independientes (GIEI), la presidenta reconoci\u00f3 que algunos padres de los normalistas han solicitado su reincorporaci\u00f3n, pero indic\u00f3 que no existe plena disposici\u00f3n por parte de sus integrantes. <\/p>\n<blockquote><p>\u201cAlgunos de ellos lo han planteado\u2026 les preguntamos a trav\u00e9s de Arturo Medina si est\u00e1n dispuestos a participar en este nuevo esquema de investigaci\u00f3n y no est\u00e1n muy abiertos, entonces todav\u00eda se sigue platicando con ellos\u201d, dijo.<\/p><\/blockquote>\n<p>Entre los nuevos enfoques mencionados se encuentra un an\u00e1lisis m\u00e1s profundo de las comunicaciones telef\u00f3nicas de la noche de los hechos y d\u00edas posteriores, lo que ha derivado en nuevas detenciones y la identificaci\u00f3n de sitios adicionales de b\u00fasqueda.<\/p>\n<p>Respecto a la funeraria intervenida en Iguala, se\u00f1al\u00f3 que este lugar ya hab\u00eda sido mencionado anteriormente en investigaciones del GIEI, aunque en ese momento fue descartado. <\/p>\n<blockquote><p>\u201cEsta funeraria de Iguala, que en efecto tiene crematorio y que operaba de una manera muy irregular, es parte de las investigaciones que se han dado a partir de este nuevo esquema\u201d, puntualiz\u00f3.<\/p><\/blockquote>\n<p>Finalmente, Sheinbaum indic\u00f3 que las nuevas l\u00edneas de investigaci\u00f3n llevan meses desarroll\u00e1ndose y que se realiza una indagatoria profunda en torno a este sitio, donde se prev\u00e9 continuar con la b\u00fasqueda de restos, evitando dar mayores detalles para no entorpecer el proceso.<\/p>\n","protected":false},"excerpt":{"rendered":"<p>La presidenta de M\u00e9xico, Claudia Sheinbaum Pardo, anunci\u00f3 durante su conferencia matutina en Palacio Nacional que se realizar\u00e1n nuevas diligencias de b\u00fasqueda de restos humanos&hellip;<\/p>\n","protected":false},"author":2,"featured_media":172,"comment_status":"open","ping_status":"open","sticky":false,"template":"","format":"standard","meta":{"footnotes":""},"categories":[251],"tags":[276,289,278,277,279,288],"class_list":["post-171","post","type-post","status-publish","format-standard","has-post-thumbnail","hentry","category-la-mananera-en-breve","tag-ayotzinapa","tag-busqueda","tag-funeraria","tag-iguala","tag-investigacion","tag-sheinbaum"],"_links":{"self":[{"href":"https:\/\/eldiariorepublicamx.com\/index.php?rest_route=\/wp\/v2\/posts\/171","targetHints":{"allow":["GET"]}}],"collection":[{"href":"https:\/\/eldiariorepublicamx.com\/index.php?rest_route=\/wp\/v2\/posts"}],"about":[{"href":"https:\/\/eldiariorepublicamx.com\/index.php?rest_route=\/wp\/v2\/types\/post"}],"author":[{"embeddable":true,"href":"https:\/\/eldiariorepublicamx.com\/index.php?rest_route=\/wp\/v2\/users\/2"}],"replies":[{"embeddable":true,"href":"https:\/\/eldiariorepublicamx.com\/index.php?rest_route=%2Fwp%2Fv2%2Fcomments&post=171"}],"version-history":[{"count":0,"href":"https:\/\/eldiariorepublicamx.com\/index.php?rest_route=\/wp\/v2\/posts\/171\/revisions"}],"wp:featuredmedia":[{"embeddable":true,"href":"https:\/\/eldiariorepublicamx.com\/index.php?rest_route=\/wp\/v2\/media\/172"}],"wp:attachment":[{"href":"https:\/\/eldiariorepublicamx.com\/index.php?rest_route=%2Fwp%2Fv2%2Fmedia&parent=171"}],"wp:term":[{"taxonomy":"category","embeddable":true,"href":"https:\/\/eldiariorepublicamx.com\/index.php?rest_route=%2Fwp%2Fv2%2Fcategories&post=171"},{"taxonomy":"post_tag","embeddable":true,"href":"https:\/\/eldiariorepublicamx.com\/index.php?rest_route=%2Fwp%2Fv2%2Ftags&post=171"}],"curies":[{"name":"wp","href":"https:\/\/api.w.org\/{rel}","templated":true}]}}