{"id":169,"date":"2026-03-24T02:25:40","date_gmt":"2026-03-24T08:25:40","guid":{"rendered":"https:\/\/eldiariorepublicamx.com\/?p=169"},"modified":"2026-03-24T02:25:40","modified_gmt":"2026-03-24T08:25:40","slug":"designan-nuevo-responsable-de-fiscalizacion-federal-en-medio-de-debates-sobre-autonomia-institucional","status":"publish","type":"post","link":"https:\/\/eldiariorepublicamx.com\/?p=169","title":{"rendered":"Designan nuevo responsable de fiscalizaci\u00f3n federal en medio de debates sobre autonom\u00eda institucional"},"content":{"rendered":"<p>La C\u00e1mara de Diputados design\u00f3 a Aureliano Hern\u00e1ndez Palacios Cardel como el nuevo Auditor Superior de la Federaci\u00f3n para un periodo de ocho a\u00f1os, en una votaci\u00f3n con amplio respaldo parlamentario. Esta designaci\u00f3n es considerada un relevo clave que definir\u00e1 la direcci\u00f3n de un \u00f3rgano fundamental para la supervisi\u00f3n del gasto p\u00fablico en el pa\u00eds.<\/p>\n<h3>Continuidad y v\u00ednculos pol\u00edticos<\/h3>\n<p>Se prev\u00e9 que la nueva gesti\u00f3n mantendr\u00e1 una l\u00ednea de continuidad con la administraci\u00f3n anterior, dado que el designado form\u00f3 parte del equipo del Auditor Superior saliente. Su nombramiento ha suscitado interrogantes debido a su cercan\u00eda pol\u00edtica con la presidenta Claudia Sheinbaum, lo que lleva a cuestionar el nivel de independencia que la instituci\u00f3n podr\u00e1 ejercer frente al Poder Ejecutivo federal.<\/p>\n<p>Concebida como un \u00f3rgano t\u00e9cnico bajo la dependencia de la C\u00e1mara de Diputados, la ASF tiene la facultad de fiscalizar el gasto federal en todo el territorio nacional, incluyendo los recursos manejados por gobiernos estatales y municipales. No obstante, la independencia formal no siempre se ha traducido en una autonom\u00eda efectiva frente al poder pol\u00edtico, un aspecto que ha sido objeto de debate en a\u00f1os recientes.<\/p>\n<h3>Alcances y l\u00edmites de la fiscalizaci\u00f3n<\/h3>\n<p>Es frecuente que se atribuya a esta instituci\u00f3n la tarea de combatir la corrupci\u00f3n, aunque su funci\u00f3n esencial es verificar el uso de los recursos p\u00fablicos y el cumplimiento de la normatividad. La detecci\u00f3n de irregularidades que pudieran constituir actos de corrupci\u00f3n suele ser un resultado colateral de los procesos de auditor\u00eda.<\/p>\n<p>Estas revisiones se enfocan principalmente en el acatamiento de normas administrativas y presupuestales, mientras que muchos esquemas corruptos se dise\u00f1an para simular legalidad. Por ello, la identificaci\u00f3n directa de estos actos requiere herramientas propias de las investigaciones criminales, como an\u00e1lisis patrimoniales o inteligencia financiera, que corresponden a instituciones de procuraci\u00f3n de justicia.<\/p>\n<h3>Retos y expectativas de la nueva etapa<\/h3>\n<p>El principal desaf\u00edo para el nuevo Auditor Superior ser\u00e1 fortalecer la credibilidad de la instituci\u00f3n y demostrar que la fiscalizaci\u00f3n puede realizarse con rigor t\u00e9cnico y sin influencias partidistas. Asimismo, deber\u00e1 abordar se\u00f1alamientos formulados por exfuncionarios de la propia ASF sobre presuntos actos de corrupci\u00f3n de su antecesor y aclarar supuestas irregularidades que involucran a la misma instituci\u00f3n.<\/p>\n<p>La clarificaci\u00f3n del funcionamiento interno ser\u00e1 fundamental para robustecer la legitimidad del \u00f3rgano. Si esta nueva administraci\u00f3n ejerce sus facultades con independencia, profesionalismo y transparencia, la ASF podr\u00eda consolidarse como un pilar del sistema de rendici\u00f3n de cuentas en M\u00e9xico.<\/p>\n<p>Se espera que la gesti\u00f3n de Aureliano Hern\u00e1ndez Palacios Cardel se distinga por su rigor t\u00e9cnico y deje una huella positiva en la supervisi\u00f3n del gasto federal, contribuyendo tambi\u00e9n a mitigar pr\u00e1cticas de corrupci\u00f3n dentro de la propia administraci\u00f3n p\u00fablica y de la instituci\u00f3n que ahora encabeza.<\/p>\n","protected":false},"excerpt":{"rendered":"<p>La C\u00e1mara de Diputados design\u00f3 a Aureliano Hern\u00e1ndez Palacios Cardel como el nuevo Auditor Superior de la Federaci\u00f3n para un periodo de ocho a\u00f1os, en&hellip;<\/p>\n","protected":false},"author":2,"featured_media":170,"comment_status":"open","ping_status":"open","sticky":false,"template":"","format":"standard","meta":{"footnotes":""},"categories":[1],"tags":[283,284,287,285,286],"class_list":["post-169","post","type-post","status-publish","format-standard","has-post-thumbnail","hentry","category-sin-seccion","tag-auditor-superior-de-la-federacion","tag-camara-de-diputados","tag-corrupcion","tag-fiscalizacion","tag-recursos-publicos"],"_links":{"self":[{"href":"https:\/\/eldiariorepublicamx.com\/index.php?rest_route=\/wp\/v2\/posts\/169","targetHints":{"allow":["GET"]}}],"collection":[{"href":"https:\/\/eldiariorepublicamx.com\/index.php?rest_route=\/wp\/v2\/posts"}],"about":[{"href":"https:\/\/eldiariorepublicamx.com\/index.php?rest_route=\/wp\/v2\/types\/post"}],"author":[{"embeddable":true,"href":"https:\/\/eldiariorepublicamx.com\/index.php?rest_route=\/wp\/v2\/users\/2"}],"replies":[{"embeddable":true,"href":"https:\/\/eldiariorepublicamx.com\/index.php?rest_route=%2Fwp%2Fv2%2Fcomments&post=169"}],"version-history":[{"count":0,"href":"https:\/\/eldiariorepublicamx.com\/index.php?rest_route=\/wp\/v2\/posts\/169\/revisions"}],"wp:featuredmedia":[{"embeddable":true,"href":"https:\/\/eldiariorepublicamx.com\/index.php?rest_route=\/wp\/v2\/media\/170"}],"wp:attachment":[{"href":"https:\/\/eldiariorepublicamx.com\/index.php?rest_route=%2Fwp%2Fv2%2Fmedia&parent=169"}],"wp:term":[{"taxonomy":"category","embeddable":true,"href":"https:\/\/eldiariorepublicamx.com\/index.php?rest_route=%2Fwp%2Fv2%2Fcategories&post=169"},{"taxonomy":"post_tag","embeddable":true,"href":"https:\/\/eldiariorepublicamx.com\/index.php?rest_route=%2Fwp%2Fv2%2Ftags&post=169"}],"curies":[{"name":"wp","href":"https:\/\/api.w.org\/{rel}","templated":true}]}}