{"id":1554,"date":"2026-04-30T13:45:12","date_gmt":"2026-04-30T19:45:12","guid":{"rendered":"https:\/\/eldiariorepublicamx.com\/?p=1554"},"modified":"2026-04-30T13:45:12","modified_gmt":"2026-04-30T19:45:12","slug":"frente-a-la-presion-de-eu-nuestra-presidenta-responde-verdad-justicia-y-soberania","status":"publish","type":"post","link":"https:\/\/eldiariorepublicamx.com\/?p=1554","title":{"rendered":"Frente a la presi\u00f3n de EU, nuestra presidenta responde: verdad, justicia y soberan\u00eda"},"content":{"rendered":"\n<p>Con la firmeza que la caracteriza, <strong>nuestra presidenta Claudia Sheinbaum<\/strong> traz\u00f3 la l\u00ednea desde Palacio Nacional ante la acusaci\u00f3n que el <strong>Departamento de Justicia de Estados Unidos<\/strong> lanz\u00f3 contra el gobernador de <strong>Sinaloa, Rub\u00e9n Rocha Moya<\/strong>, y otros nueve funcionarios mexicanos: <strong>&#8220;Verdad, justicia y defensa de la soberan\u00eda.&#8221;<\/strong> Tres palabras que resumen la postura de un gobierno que cuida al pueblo, pero que <strong>no se subordina ante nadie<\/strong>.<\/p>\n\n\n\n<h4 class=\"wp-block-heading\"><strong>Una postura clara y digna<\/strong><\/h4>\n\n\n\n<p>Nuestra presidenta lo dijo con todas sus letras: <strong>&#8220;Nosotros no vamos a cubrir a nadie que haya cometido un delito.&#8221;<\/strong>Pero al mismo tiempo record\u00f3 que <strong>M\u00e9xico es un pa\u00eds soberano<\/strong>, con su propia legislaci\u00f3n, su propia Fiscal\u00eda y su propio sistema penal. Por eso, <strong>si la Fiscal\u00eda General de la Rep\u00fablica recibe pruebas contundentes e irrefutables<\/strong>, proceder\u00e1 conforme a la ley <strong>bajo jurisdicci\u00f3n mexicana<\/strong>. Y si esas pruebas no existen, la conclusi\u00f3n es contundente: <strong>&#8220;es evidente que el objetivo es pol\u00edtico.&#8221;<\/strong><\/p>\n\n\n\n<h4 class=\"wp-block-heading\"><strong>Una l\u00ednea que protege al pueblo<\/strong><\/h4>\n\n\n\n<p>Para nuestra presidenta, la <strong>defensa de la soberan\u00eda<\/strong> es una obligaci\u00f3n constitucional y un compromiso con las <strong>familias mexicanas<\/strong>: <strong>&#8220;Bajo ning\u00fan motivo vamos a permitir la intromisi\u00f3n o injerencia de un gobierno extranjero en las decisiones que le competen exclusivamente al pueblo de M\u00e9xico.&#8221;<\/strong> Una postura que recuerda lo que dijo desde el primer d\u00eda: <strong>&#8220;M\u00e9xico establece una relaci\u00f3n de iguales con todas las naciones, nunca de subordinaci\u00f3n y menos de entreguismo.&#8221;<\/strong><\/p>\n\n\n\n<h4 class=\"wp-block-heading\"><strong>El proceso, paso a paso<\/strong><\/h4>\n\n\n\n<p>El 28 de abril, la <strong>Secretar\u00eda de Relaciones Exteriores<\/strong> recibi\u00f3 diez solicitudes de detenci\u00f3n provisional con fines de extradici\u00f3n, las cuales fueron turnadas a la <strong>Fiscal\u00eda General de la Rep\u00fablica<\/strong>. Al d\u00eda siguiente, <strong>el Departamento de Justicia de EU filtr\u00f3 p\u00fablicamente la acusaci\u00f3n<\/strong>, en lo que la SRE calific\u00f3 como una <strong>violaci\u00f3n a los tratados<\/strong> que rigen la confidencialidad de estos procesos. Hoy, la FGR realiza su propia investigaci\u00f3n y eval\u00faa si las solicitudes tienen <strong>fundamento legal<\/strong> conforme al <strong>C\u00f3digo Nacional de Procedimientos Penales<\/strong>.<\/p>\n\n\n\n<h4 class=\"wp-block-heading\"><strong>Una prueba que no es prueba<\/strong><\/h4>\n\n\n\n<p>Y como muestra de que la acusaci\u00f3n est\u00e1 en el aire, <strong>nuestra presidenta<\/strong> hizo algo in\u00e9dito: mostr\u00f3 desde la ma\u00f1anera el \u00fanico documento adjunto como prueba. Era apenas <strong>una hoja de papel<\/strong> con tres alias, sin datos concretos, sin elementos contundentes. <strong>&#8220;Vean el papel, un papel&#8221;<\/strong>, coment\u00f3. La conclusi\u00f3n fue clara: si lo \u00fanico que se presenta como prueba es eso, <strong>el caso se sostiene en aire, no en justicia<\/strong>.<\/p>\n\n\n\n<h4 class=\"wp-block-heading\"><strong>Una presidenta que cuida al pueblo<\/strong><\/h4>\n\n\n\n<p>Mientras Estados Unidos publica acusaciones para mover la agenda medi\u00e1tica, <strong>nuestra presidenta<\/strong> se mantiene firme: el pueblo de M\u00e9xico merece <strong>la verdad<\/strong>, los acusados merecen <strong>justicia<\/strong> y la patria merece que <strong>su soberan\u00eda no sea moneda de cambio<\/strong>. La 4T no protege a delincuentes ni se cubre a nadie, pero tampoco cede ante presiones externas. Esa es la diferencia, y esa es la l\u00ednea que <strong>nuestra presidenta<\/strong> traz\u00f3 hoy con dignidad y con la <strong>Constituci\u00f3n<\/strong> en la mano.<\/p>\n","protected":false},"excerpt":{"rendered":"<p>Con la firmeza que la caracteriza, nuestra presidenta Claudia Sheinbaum traz\u00f3 la l\u00ednea desde Palacio Nacional ante la acusaci\u00f3n que el Departamento de Justicia de&hellip;<\/p>\n","protected":false},"author":5,"featured_media":1539,"comment_status":"open","ping_status":"open","sticky":false,"template":"","format":"standard","meta":{"footnotes":""},"categories":[251],"tags":[13,45,18],"class_list":["post-1554","post","type-post","status-publish","format-standard","has-post-thumbnail","hentry","category-la-mananera-en-breve","tag-claudia-sheinbaum","tag-mexico","tag-morena"],"_links":{"self":[{"href":"https:\/\/eldiariorepublicamx.com\/index.php?rest_route=\/wp\/v2\/posts\/1554","targetHints":{"allow":["GET"]}}],"collection":[{"href":"https:\/\/eldiariorepublicamx.com\/index.php?rest_route=\/wp\/v2\/posts"}],"about":[{"href":"https:\/\/eldiariorepublicamx.com\/index.php?rest_route=\/wp\/v2\/types\/post"}],"author":[{"embeddable":true,"href":"https:\/\/eldiariorepublicamx.com\/index.php?rest_route=\/wp\/v2\/users\/5"}],"replies":[{"embeddable":true,"href":"https:\/\/eldiariorepublicamx.com\/index.php?rest_route=%2Fwp%2Fv2%2Fcomments&post=1554"}],"version-history":[{"count":1,"href":"https:\/\/eldiariorepublicamx.com\/index.php?rest_route=\/wp\/v2\/posts\/1554\/revisions"}],"predecessor-version":[{"id":1555,"href":"https:\/\/eldiariorepublicamx.com\/index.php?rest_route=\/wp\/v2\/posts\/1554\/revisions\/1555"}],"wp:featuredmedia":[{"embeddable":true,"href":"https:\/\/eldiariorepublicamx.com\/index.php?rest_route=\/wp\/v2\/media\/1539"}],"wp:attachment":[{"href":"https:\/\/eldiariorepublicamx.com\/index.php?rest_route=%2Fwp%2Fv2%2Fmedia&parent=1554"}],"wp:term":[{"taxonomy":"category","embeddable":true,"href":"https:\/\/eldiariorepublicamx.com\/index.php?rest_route=%2Fwp%2Fv2%2Fcategories&post=1554"},{"taxonomy":"post_tag","embeddable":true,"href":"https:\/\/eldiariorepublicamx.com\/index.php?rest_route=%2Fwp%2Fv2%2Ftags&post=1554"}],"curies":[{"name":"wp","href":"https:\/\/api.w.org\/{rel}","templated":true}]}}