{"id":1552,"date":"2026-04-30T12:26:07","date_gmt":"2026-04-30T18:26:07","guid":{"rendered":"https:\/\/eldiariorepublicamx.com\/?p=1552"},"modified":"2026-04-30T12:26:07","modified_gmt":"2026-04-30T18:26:07","slug":"presidenta-sheinbaum-muestra-en-conferencia-matutina-las-presuntas-evidencias-de-eu-contra-politicos-mexicanos","status":"publish","type":"post","link":"https:\/\/eldiariorepublicamx.com\/?p=1552","title":{"rendered":"Presidenta Sheinbaum muestra en conferencia matutina las presuntas evidencias de EU contra pol\u00edticos mexicanos"},"content":{"rendered":"<p>Durante la conferencia de prensa matutina de este mi\u00e9rcoles, la presidenta Claudia Sheinbaum exhibi\u00f3 el contenido de la acusaci\u00f3n estadounidense que involucra a diez pol\u00edticos de M\u00e9xico, entre ellos al gobernador de Sinaloa, Rub\u00e9n Rocha Moya, cuestionando la solidez de las pruebas presentadas.<\/p>\n<h3>Documento proyectado en la ma\u00f1anera<\/h3>\n<p>La mandataria solicit\u00f3 que se proyectara el documento judicial titulado &#8220;Acusaci\u00f3n de reemplazo bajo reserva&#8221;, procedente del Tribunal de Distrito de los Estados Unidos para el Distrito Sur de Nueva York. Sheinbaum se\u00f1al\u00f3 que, si bien el texto es p\u00fablico, la Secretar\u00eda de Relaciones Exteriores le hizo saber que, conforme a los tratados internacionales, una parte del mismo deber\u00eda ser confidencial.<\/p>\n<blockquote><p>&#8220;No voy a juzgar, lo voy a poner para que ustedes tomen sus propias conclusiones. Este es el documento que publican, es p\u00fablico, que, por cierto, de acuerdo con los tratados internacionales, ayer nos lo hizo saber la Secretar\u00eda de Relaciones Exteriores, tiene que haber una parte de confidencialidad en todo esto, sin embargo, publican este documento&#8221;.<\/p><\/blockquote>\n<h3>Reclamo de evidencias contundentes<\/h3>\n<p>La presidenta describi\u00f3 el documento como un relato extenso que contiene las acusaciones, pero insisti\u00f3 en la necesidad de que existan pruebas concluyentes y acordes a la legislaci\u00f3n mexicana para proceder. Subray\u00f3 que el sistema penal acusatorio vigente en el pa\u00eds exige evidencias contundentes para girar una orden de aprehensi\u00f3n.<\/p>\n<p>Durante su exposici\u00f3n, Sheinbaum se detuvo en las p\u00e1ginas que muestran fotograf\u00edas de lo que se presenta como narcon\u00f3minas, las cuales incluyen posibles referencias a los funcionarios se\u00f1alados.<\/p>\n<blockquote><p>&#8220;\u00c9sta es la prueba que ponen ellos en este documento de supuestos sobornos, o presuntos sobornos. Es de llamar la atenci\u00f3n, \u00bfno creen? Este es el \u00fanico documento que en este escrito lo ponen como un documento de prueba&#8221;.<\/p><\/blockquote>\n<h3>Cuestionamiento a la motivaci\u00f3n<\/h3>\n<p>Tras revisar el material, que calific\u00f3 como &#8220;una hoja de papel&#8221;, la presidenta reiter\u00f3 que su gobierno no proteger\u00e1 a nadie, pero enfatiz\u00f3 que deben existir documentos probatorios con base en la ley mexicana que demuestren la culpabilidad. &#8220;Si esas pruebas no est\u00e1n, la pregunta es: \u00bfcu\u00e1l es la motivaci\u00f3n?&#8221;, cuestion\u00f3.<\/p>\n<p>Sheinbaum destac\u00f3 que la solicitud de aprehensi\u00f3n contra un gobernador en funciones no tiene precedentes hist\u00f3ricos, ya que nunca antes una fiscal\u00eda o instituci\u00f3n estadounidense hab\u00eda pedido la extradici\u00f3n de un mandatario estatal o municipal en activo.<\/p>\n<h3>Procedimiento y pruebas solicitadas<\/h3>\n<p>La mandataria explic\u00f3 el procedimiento a seguir, se\u00f1alando que primero la fiscal\u00eda mexicana debe solicitar las pruebas. Hasta el momento, seg\u00fan su declaraci\u00f3n, solo existe un escrito basado en declaraciones de testigos cuya identidad se desconoce, adem\u00e1s de los documentos exhibidos.<\/p>\n<blockquote><p>&#8220;Nosotros nos tenemos que ce\u00f1ir por la ley, por la Constituci\u00f3n, por los propios tratados, pero siempre bajo la legislaci\u00f3n mexicana. Primero la fiscal\u00eda tiene que pedir las pruebas. \u00bfQu\u00e9 pruebas tienen? Porque hasta hoy hay un escrito de lo que dicen unos testigos \u2014que no sabemos qui\u00e9nes son\u2014 y estos documentos, entonces, primero las pruebas&#8221;.<\/p><\/blockquote>\n","protected":false},"excerpt":{"rendered":"<p>Durante la conferencia de prensa matutina de este mi\u00e9rcoles, la presidenta Claudia Sheinbaum exhibi\u00f3 el contenido de la acusaci\u00f3n estadounidense que involucra a diez pol\u00edticos&hellip;<\/p>\n","protected":false},"author":2,"featured_media":1553,"comment_status":"open","ping_status":"open","sticky":false,"template":"","format":"standard","meta":{"footnotes":""},"categories":[251],"tags":[1273,1272,404,1274,1276,1275,288],"class_list":["post-1552","post","type-post","status-publish","format-standard","has-post-thumbnail","hentry","category-la-mananera-en-breve","tag-acusacion","tag-eu","tag-mananera","tag-politicos","tag-pruebas","tag-rocha-moya","tag-sheinbaum"],"_links":{"self":[{"href":"https:\/\/eldiariorepublicamx.com\/index.php?rest_route=\/wp\/v2\/posts\/1552","targetHints":{"allow":["GET"]}}],"collection":[{"href":"https:\/\/eldiariorepublicamx.com\/index.php?rest_route=\/wp\/v2\/posts"}],"about":[{"href":"https:\/\/eldiariorepublicamx.com\/index.php?rest_route=\/wp\/v2\/types\/post"}],"author":[{"embeddable":true,"href":"https:\/\/eldiariorepublicamx.com\/index.php?rest_route=\/wp\/v2\/users\/2"}],"replies":[{"embeddable":true,"href":"https:\/\/eldiariorepublicamx.com\/index.php?rest_route=%2Fwp%2Fv2%2Fcomments&post=1552"}],"version-history":[{"count":0,"href":"https:\/\/eldiariorepublicamx.com\/index.php?rest_route=\/wp\/v2\/posts\/1552\/revisions"}],"wp:featuredmedia":[{"embeddable":true,"href":"https:\/\/eldiariorepublicamx.com\/index.php?rest_route=\/wp\/v2\/media\/1553"}],"wp:attachment":[{"href":"https:\/\/eldiariorepublicamx.com\/index.php?rest_route=%2Fwp%2Fv2%2Fmedia&parent=1552"}],"wp:term":[{"taxonomy":"category","embeddable":true,"href":"https:\/\/eldiariorepublicamx.com\/index.php?rest_route=%2Fwp%2Fv2%2Fcategories&post=1552"},{"taxonomy":"post_tag","embeddable":true,"href":"https:\/\/eldiariorepublicamx.com\/index.php?rest_route=%2Fwp%2Fv2%2Ftags&post=1552"}],"curies":[{"name":"wp","href":"https:\/\/api.w.org\/{rel}","templated":true}]}}