{"id":1550,"date":"2026-04-30T12:26:03","date_gmt":"2026-04-30T18:26:03","guid":{"rendered":"https:\/\/eldiariorepublicamx.com\/?p=1550"},"modified":"2026-04-30T12:26:03","modified_gmt":"2026-04-30T18:26:03","slug":"sheinbaum-defiende-a-gobernador-senalado-por-eu-y-afirma-que-sin-pruebas-no-hay-motivo-de-alarma","status":"publish","type":"post","link":"https:\/\/eldiariorepublicamx.com\/?p=1550","title":{"rendered":"Sheinbaum defiende a gobernador se\u00f1alado por EU y afirma que sin pruebas no hay motivo de alarma"},"content":{"rendered":"<p>La presidenta Claudia Sheinbaum declar\u00f3 este martes 30 de abril, en su conferencia de prensa matutina, que no existe raz\u00f3n para inquietarse por las acusaciones de Estados Unidos contra el gobernador de Sinaloa, Rub\u00e9n Rocha Moya, mientras no se presenten evidencias concretas en su contra.<\/p>\n<h3>Defensa basada en la ley y la soberan\u00eda<\/h3>\n<p>Sheinbaum detall\u00f3 que sostuvo una conversaci\u00f3n con el mandatario estatal, quien fue se\u00f1alado por presuntos v\u00ednculos con el C\u00e1rtel de Sinaloa. La jefa del Ejecutivo subray\u00f3 que, a pesar de que Rocha Moya es un gobernador de la oposici\u00f3n, por respeto a la soberan\u00eda nacional y a las leyes, actuar\u00eda en su defensa. \u201cP\u00f3nganse ustedes, un ciudadano, ciudadana, que no tenga un cargo de elecci\u00f3n popular, una detenci\u00f3n sin pruebas, pues no, \u00bfverdad? Es lo mismo para un gobernador, que en todo caso, adem\u00e1s, primero tendr\u00eda que haber un desafuero, si es que se llegara a encontrar que hay alguna prueba en contra de \u00e9l\u201d coment\u00f3.<\/p>\n<h3>Postura firme contra injerencias extranjeras<\/h3>\n<p>La presidenta enfatiz\u00f3 que su actuar ser\u00eda el mismo sin importar el partido del funcionario involucrado. \u201c\u00bfC\u00f3mo la presidenta va a acusar a un gobernador sin pruebas? Yo les voy a decir que actuar\u00eda exactamente de la misma manera trat\u00e1ndose de un Gobernador del PRI, del PAN, de Movimiento Ciudadano (\u2026) Imag\u00ednense que viniera una petici\u00f3n de extradici\u00f3n o de detenci\u00f3n provisional con fines de extradici\u00f3n a un gobernador de otro partido, o una gobernadora de otro partido sin ninguna prueba, que porque es de otro partido \u00bfvoy a actuar distinto? No. Me corresponde defender la Constituci\u00f3n, las leyes y la soberan\u00eda\u201d.<\/p>\n<p>Tras las acusaciones de Estados Unidos contra nueve funcionarios mexicanos de ser parte del c\u00e1rtel, Sheinbaum expres\u00f3 con firmeza que no permitir\u00e1 la injerencia de un gobierno extranjero. No obstante, aclar\u00f3 que, de existir pruebas, tampoco encubrir\u00eda los v\u00ednculos con el narcotr\u00e1fico.<\/p>\n","protected":false},"excerpt":{"rendered":"<p>La presidenta Claudia Sheinbaum declar\u00f3 este martes 30 de abril, en su conferencia de prensa matutina, que no existe raz\u00f3n para inquietarse por las acusaciones&hellip;<\/p>\n","protected":false},"author":2,"featured_media":1551,"comment_status":"open","ping_status":"open","sticky":false,"template":"","format":"standard","meta":{"footnotes":""},"categories":[251],"tags":[149,13,205,1229,5],"class_list":["post-1550","post","type-post","status-publish","format-standard","has-post-thumbnail","hentry","category-la-mananera-en-breve","tag-cartel-de-sinaloa","tag-claudia-sheinbaum","tag-estados-unidos","tag-extradicion","tag-ruben-rocha-moya"],"_links":{"self":[{"href":"https:\/\/eldiariorepublicamx.com\/index.php?rest_route=\/wp\/v2\/posts\/1550","targetHints":{"allow":["GET"]}}],"collection":[{"href":"https:\/\/eldiariorepublicamx.com\/index.php?rest_route=\/wp\/v2\/posts"}],"about":[{"href":"https:\/\/eldiariorepublicamx.com\/index.php?rest_route=\/wp\/v2\/types\/post"}],"author":[{"embeddable":true,"href":"https:\/\/eldiariorepublicamx.com\/index.php?rest_route=\/wp\/v2\/users\/2"}],"replies":[{"embeddable":true,"href":"https:\/\/eldiariorepublicamx.com\/index.php?rest_route=%2Fwp%2Fv2%2Fcomments&post=1550"}],"version-history":[{"count":0,"href":"https:\/\/eldiariorepublicamx.com\/index.php?rest_route=\/wp\/v2\/posts\/1550\/revisions"}],"wp:featuredmedia":[{"embeddable":true,"href":"https:\/\/eldiariorepublicamx.com\/index.php?rest_route=\/wp\/v2\/media\/1551"}],"wp:attachment":[{"href":"https:\/\/eldiariorepublicamx.com\/index.php?rest_route=%2Fwp%2Fv2%2Fmedia&parent=1550"}],"wp:term":[{"taxonomy":"category","embeddable":true,"href":"https:\/\/eldiariorepublicamx.com\/index.php?rest_route=%2Fwp%2Fv2%2Fcategories&post=1550"},{"taxonomy":"post_tag","embeddable":true,"href":"https:\/\/eldiariorepublicamx.com\/index.php?rest_route=%2Fwp%2Fv2%2Ftags&post=1550"}],"curies":[{"name":"wp","href":"https:\/\/api.w.org\/{rel}","templated":true}]}}