{"id":1542,"date":"2026-04-30T12:25:49","date_gmt":"2026-04-30T18:25:49","guid":{"rendered":"https:\/\/eldiariorepublicamx.com\/?p=1542"},"modified":"2026-04-30T12:25:49","modified_gmt":"2026-04-30T18:25:49","slug":"sheinbaum-aclara-que-no-existen-mas-denuncias-de-estados-unidos-hacia-funcionarios-mexicanos","status":"publish","type":"post","link":"https:\/\/eldiariorepublicamx.com\/?p=1542","title":{"rendered":"Sheinbaum aclara que no existen m\u00e1s denuncias de Estados Unidos hacia funcionarios mexicanos"},"content":{"rendered":"<p>La presidenta Claudia Sheinbaum anunci\u00f3 que el gobierno de Estados Unidos no ha presentado nuevas acusaciones contra otros servidores p\u00fablicos mexicanos, aclarando la situaci\u00f3n tras las imputaciones contra el gobernador de Sinaloa, Rub\u00e9n Rocha.<\/p>\n<h3>Contexto de la declaraci\u00f3n<\/h3>\n<p>El pronunciamiento de la mandataria se dio en el marco del esc\u00e1ndalo generado por las acusaciones de la administraci\u00f3n del presidente Donald Trump contra el mandatario estatal.<\/p>\n<p>Sheinbaum precis\u00f3 que, por ahora, no existen m\u00e1s se\u00f1alamientos por parte de las autoridades estadounidenses hacia otros integrantes del servicio p\u00fablico en el pa\u00eds.<\/p>\n","protected":false},"excerpt":{"rendered":"<p>La presidenta Claudia Sheinbaum anunci\u00f3 que el gobierno de Estados Unidos no ha presentado nuevas acusaciones contra otros servidores p\u00fablicos mexicanos, aclarando la situaci\u00f3n tras&hellip;<\/p>\n","protected":false},"author":2,"featured_media":1543,"comment_status":"open","ping_status":"open","sticky":false,"template":"","format":"standard","meta":{"footnotes":""},"categories":[53,252],"tags":[1264,205,927,1265,288,4,474],"class_list":["post-1542","post","type-post","status-publish","format-standard","has-post-thumbnail","hentry","category-agenda-internacional","category-agenda-nacional","tag-acusaciones","tag-estados-unidos","tag-funcionarios","tag-rocha","tag-sheinbaum","tag-sinaloa","tag-trump"],"_links":{"self":[{"href":"https:\/\/eldiariorepublicamx.com\/index.php?rest_route=\/wp\/v2\/posts\/1542","targetHints":{"allow":["GET"]}}],"collection":[{"href":"https:\/\/eldiariorepublicamx.com\/index.php?rest_route=\/wp\/v2\/posts"}],"about":[{"href":"https:\/\/eldiariorepublicamx.com\/index.php?rest_route=\/wp\/v2\/types\/post"}],"author":[{"embeddable":true,"href":"https:\/\/eldiariorepublicamx.com\/index.php?rest_route=\/wp\/v2\/users\/2"}],"replies":[{"embeddable":true,"href":"https:\/\/eldiariorepublicamx.com\/index.php?rest_route=%2Fwp%2Fv2%2Fcomments&post=1542"}],"version-history":[{"count":0,"href":"https:\/\/eldiariorepublicamx.com\/index.php?rest_route=\/wp\/v2\/posts\/1542\/revisions"}],"wp:featuredmedia":[{"embeddable":true,"href":"https:\/\/eldiariorepublicamx.com\/index.php?rest_route=\/wp\/v2\/media\/1543"}],"wp:attachment":[{"href":"https:\/\/eldiariorepublicamx.com\/index.php?rest_route=%2Fwp%2Fv2%2Fmedia&parent=1542"}],"wp:term":[{"taxonomy":"category","embeddable":true,"href":"https:\/\/eldiariorepublicamx.com\/index.php?rest_route=%2Fwp%2Fv2%2Fcategories&post=1542"},{"taxonomy":"post_tag","embeddable":true,"href":"https:\/\/eldiariorepublicamx.com\/index.php?rest_route=%2Fwp%2Fv2%2Ftags&post=1542"}],"curies":[{"name":"wp","href":"https:\/\/api.w.org\/{rel}","templated":true}]}}