{"id":1540,"date":"2026-04-30T12:25:49","date_gmt":"2026-04-30T18:25:49","guid":{"rendered":"https:\/\/eldiariorepublicamx.com\/?p=1540"},"modified":"2026-04-30T12:25:49","modified_gmt":"2026-04-30T18:25:49","slug":"acuerdan-sheinbaum-y-lider-europeo-realizar-cumbre-bilateral-en-ciudad-de-mexico-el-22-de-mayo","status":"publish","type":"post","link":"https:\/\/eldiariorepublicamx.com\/?p=1540","title":{"rendered":"Acuerdan Sheinbaum y l\u00edder europeo realizar cumbre bilateral en Ciudad de M\u00e9xico el 22 de mayo"},"content":{"rendered":"<p>La presidenta de M\u00e9xico, Claudia Sheinbaum, y el presidente del Consejo Europeo, Ant\u00f3nio Costa, pactaron en una llamada telef\u00f3nica que la VIII Cumbre Uni\u00f3n Europea-M\u00e9xico se llevar\u00e1 a cabo el pr\u00f3ximo 22 de mayo en la Ciudad de M\u00e9xico. La Uni\u00f3n Europea ser\u00e1 representada por Costa y por la presidenta de la Comisi\u00f3n Europea, Ursula von der Leyen, quienes iniciar\u00e1n una agenda de trabajo en territorio mexicano desde el 21 de mayo.<\/p>\n<h3>Momento decisivo en la relaci\u00f3n bilateral<\/h3>\n<p>Durante la conversaci\u00f3n, Sheinbaum y Costa coincidieron en que este encuentro representar\u00e1 un momento clave para la relaci\u00f3n bilateral y servir\u00e1 para consolidar una nueva etapa de la asociaci\u00f3n estrat\u00e9gica entre ambas partes. La \u00faltima cumbre de este tipo se hab\u00eda realizado en Bruselas en junio de 2015.<\/p>\n<p>Ant\u00f3nio Costa comparti\u00f3 en la red social X su satisfacci\u00f3n por el di\u00e1logo, escribiendo: &#8220;nuestra visi\u00f3n com\u00fan del mundo, basada en la defensa de la cooperaci\u00f3n, el crecimiento sostenible y el respeto por el derecho internacional, nos une a Europa y a M\u00e9xico a ambos lados del oc\u00e9ano&#8221;. Adem\u00e1s, expres\u00f3: &#8220;Estoy deseando visitar M\u00e9xico para seguir avanzando en nuestras prioridades conjuntas: comercio, inversi\u00f3n, clima y medio ambiente, energ\u00eda, igualdad de g\u00e9nero, salud e investigaci\u00f3n&#8221;.<\/p>\n<h3>Resultados y acuerdos previstos<\/h3>\n<p>Se anticipa que la cumbre en la capital mexicana rendir\u00e1 varios frutos importantes, entre los que destacan la firma del \u201cAcuerdo de Asociaci\u00f3n Estrat\u00e9gica en materia Pol\u00edtica, Econ\u00f3mica y de Cooperaci\u00f3n entre M\u00e9xico y la Uni\u00f3n Europea\u201d, tambi\u00e9n conocido como Acuerdo Global Modernizado. Asimismo, se espera la r\u00fabrica del Acuerdo Interino sobre Comercio, una vez que se concluyan los procedimientos internos necesarios por parte de la Uni\u00f3n Europea.<\/p>\n<p>El Acuerdo Global Modernizado tiene como objetivo actualizar y profundizar el marco de relaci\u00f3n pol\u00edtica, de cooperaci\u00f3n y econ\u00f3mica que ha estado vigente durante los \u00faltimos veinticinco a\u00f1os, desde la entrada en vigor del Acuerdo Global M\u00e9xico\u2013Uni\u00f3n Europea en el a\u00f1o 2000.<\/p>\n<h3>Avances en prioridades conjuntas y contexto de la relaci\u00f3n<\/h3>\n<p>El encuentro tambi\u00e9n permitir\u00e1 avanzar en temas de inter\u00e9s mutuo como el clima y el medio ambiente, la inversi\u00f3n econ\u00f3mica, la energ\u00eda, la seguridad, la salud, la migraci\u00f3n, la digitalizaci\u00f3n y la innovaci\u00f3n. En un comunicado conjunto, ambas partes reiteraron su compromiso con el multilateralismo, el respeto al derecho internacional y la cooperaci\u00f3n internacional como pilares fundamentales para enfrentar los desaf\u00edos globales actuales.<\/p>\n<p>M\u00e9xico es considerado uno de los dos socios estrat\u00e9gicos de la Uni\u00f3n Europea en la regi\u00f3n de Am\u00e9rica Latina y el Caribe, as\u00ed como un aliado cercano en foros multilaterales en temas como la defensa del multilateralismo, los derechos humanos, la protecci\u00f3n del clima y del medio ambiente, el desarrollo sostenible y el libre comercio. La colaboraci\u00f3n tambi\u00e9n se extiende a los \u00e1mbitos de la energ\u00eda, la salud y la lucha contra la delincuencia organizada.<\/p>\n<p>En t\u00e9rminos comerciales, durante 2024 el intercambio entre la UE y M\u00e9xico se estim\u00f3 en m\u00e1s de 82,000 millones de euros, con exportaciones europeas por unos 53,000 millones e importaciones por 29,000 millones. La Uni\u00f3n Europea se posicion\u00f3 como el tercer mayor socio comercial de M\u00e9xico, despu\u00e9s de Estados Unidos y China, y como su segundo mayor mercado de exportaci\u00f3n. Por su parte, M\u00e9xico ocup\u00f3 el und\u00e9cimo lugar como socio comercial de la UE. Entre los principales productos que Europa exporta a M\u00e9xico se encuentran maquinaria, electrodom\u00e9sticos, productos qu\u00edmicos y equipos de transporte.<\/p>\n","protected":false},"excerpt":{"rendered":"<p>La presidenta de M\u00e9xico, Claudia Sheinbaum, y el presidente del Consejo Europeo, Ant\u00f3nio Costa, pactaron en una llamada telef\u00f3nica que la VIII Cumbre Uni\u00f3n Europea-M\u00e9xico&hellip;<\/p>\n","protected":false},"author":2,"featured_media":1541,"comment_status":"open","ping_status":"open","sticky":false,"template":"","format":"standard","meta":{"footnotes":""},"categories":[53,252],"tags":[1263,1262,141,13,965,994,1261],"class_list":["post-1540","post","type-post","status-publish","format-standard","has-post-thumbnail","hentry","category-agenda-internacional","category-agenda-nacional","tag-acuerdo-global-modernizado","tag-antonio-costa","tag-ciudad-de-mexico","tag-claudia-sheinbaum","tag-comercio","tag-cumbre","tag-union-europea"],"_links":{"self":[{"href":"https:\/\/eldiariorepublicamx.com\/index.php?rest_route=\/wp\/v2\/posts\/1540","targetHints":{"allow":["GET"]}}],"collection":[{"href":"https:\/\/eldiariorepublicamx.com\/index.php?rest_route=\/wp\/v2\/posts"}],"about":[{"href":"https:\/\/eldiariorepublicamx.com\/index.php?rest_route=\/wp\/v2\/types\/post"}],"author":[{"embeddable":true,"href":"https:\/\/eldiariorepublicamx.com\/index.php?rest_route=\/wp\/v2\/users\/2"}],"replies":[{"embeddable":true,"href":"https:\/\/eldiariorepublicamx.com\/index.php?rest_route=%2Fwp%2Fv2%2Fcomments&post=1540"}],"version-history":[{"count":0,"href":"https:\/\/eldiariorepublicamx.com\/index.php?rest_route=\/wp\/v2\/posts\/1540\/revisions"}],"wp:featuredmedia":[{"embeddable":true,"href":"https:\/\/eldiariorepublicamx.com\/index.php?rest_route=\/wp\/v2\/media\/1541"}],"wp:attachment":[{"href":"https:\/\/eldiariorepublicamx.com\/index.php?rest_route=%2Fwp%2Fv2%2Fmedia&parent=1540"}],"wp:term":[{"taxonomy":"category","embeddable":true,"href":"https:\/\/eldiariorepublicamx.com\/index.php?rest_route=%2Fwp%2Fv2%2Fcategories&post=1540"},{"taxonomy":"post_tag","embeddable":true,"href":"https:\/\/eldiariorepublicamx.com\/index.php?rest_route=%2Fwp%2Fv2%2Ftags&post=1540"}],"curies":[{"name":"wp","href":"https:\/\/api.w.org\/{rel}","templated":true}]}}