{"id":1538,"date":"2026-04-30T12:25:46","date_gmt":"2026-04-30T18:25:46","guid":{"rendered":"https:\/\/eldiariorepublicamx.com\/?p=1538"},"modified":"2026-04-30T12:25:46","modified_gmt":"2026-04-30T18:25:46","slug":"presidenta-sheinbaum-analiza-presencia-en-cita-iberoamericana-ante-posible-conflicto-con-cumbre-apec-en-china","status":"publish","type":"post","link":"https:\/\/eldiariorepublicamx.com\/?p=1538","title":{"rendered":"Presidenta Sheinbaum analiza presencia en cita iberoamericana ante posible conflicto con cumbre APEC en China"},"content":{"rendered":"<p>La presidenta Claudia Sheinbaum manifest\u00f3 que su asistencia a la pr\u00f3xima Cumbre Iberoamericana no est\u00e1 confirmada, ya que su gobierno eval\u00faa privilegiar la participaci\u00f3n en la reuni\u00f3n del Foro de Cooperaci\u00f3n Econ\u00f3mica Asia-Pac\u00edfico (APEC), la cual se realizar\u00e1 en China.<\/p>\n<h3>Conflicto de agendas internacionales<\/h3>\n<p>Durante una conferencia, la mandataria explic\u00f3 que ambas citas diplom\u00e1ticas coinciden en sus calendarios, lo que genera un choque log\u00edstico para su presencia en los dos eventos. &#8220;No estoy segura (de ir a la Cumbre Iberoamericana). Quiero ir a la cumbre de APEC, que es en China\u2026 nos toca la cumbre de APEC en 2028, es decir, es la siguiente&#8221;, se\u00f1al\u00f3 Sheinbaum.<\/p>\n<p>Subray\u00f3 que la priorizaci\u00f3n del encuentro de APEC responde a una estrategia de reciprocidad y de preparaci\u00f3n, dado que M\u00e9xico ser\u00e1 el pa\u00eds anfitri\u00f3n de ese foro en el a\u00f1o 2028.<\/p>\n<h3>Preparativos rumbo a 2028<\/h3>\n<p>&#8220;Creo que vale la pena, adem\u00e1s de que es un asunto de respeto: le toca a China la cumbre, despu\u00e9s nos toca a nosotros. Van todos los pa\u00edses hacia el Pac\u00edfico&#8221;, apunt\u00f3 la presidenta.<\/p>\n<p>Indic\u00f3 que su equipo de trabajo contin\u00faa analizando la factibilidad de acudir tambi\u00e9n a la Cumbre Iberoamericana, aunque reconoci\u00f3 que el traslape de fechas representa una complicaci\u00f3n para la agenda de viajes internacionales. &#8220;Entonces vamos a ver si podemos ir a la Iberoam\u00e9rica&#8221;, concluy\u00f3.<\/p>\n","protected":false},"excerpt":{"rendered":"<p>La presidenta Claudia Sheinbaum manifest\u00f3 que su asistencia a la pr\u00f3xima Cumbre Iberoamericana no est\u00e1 confirmada, ya que su gobierno eval\u00faa privilegiar la participaci\u00f3n en&hellip;<\/p>\n","protected":false},"author":2,"featured_media":1539,"comment_status":"open","ping_status":"open","sticky":false,"template":"","format":"standard","meta":{"footnotes":""},"categories":[53,252],"tags":[1260,1032,13,1259,59],"class_list":["post-1538","post","type-post","status-publish","format-standard","has-post-thumbnail","hentry","category-agenda-internacional","category-agenda-nacional","tag-apec","tag-china","tag-claudia-sheinbaum","tag-cumbre-iberoamericana","tag-politica-exterior"],"_links":{"self":[{"href":"https:\/\/eldiariorepublicamx.com\/index.php?rest_route=\/wp\/v2\/posts\/1538","targetHints":{"allow":["GET"]}}],"collection":[{"href":"https:\/\/eldiariorepublicamx.com\/index.php?rest_route=\/wp\/v2\/posts"}],"about":[{"href":"https:\/\/eldiariorepublicamx.com\/index.php?rest_route=\/wp\/v2\/types\/post"}],"author":[{"embeddable":true,"href":"https:\/\/eldiariorepublicamx.com\/index.php?rest_route=\/wp\/v2\/users\/2"}],"replies":[{"embeddable":true,"href":"https:\/\/eldiariorepublicamx.com\/index.php?rest_route=%2Fwp%2Fv2%2Fcomments&post=1538"}],"version-history":[{"count":0,"href":"https:\/\/eldiariorepublicamx.com\/index.php?rest_route=\/wp\/v2\/posts\/1538\/revisions"}],"wp:featuredmedia":[{"embeddable":true,"href":"https:\/\/eldiariorepublicamx.com\/index.php?rest_route=\/wp\/v2\/media\/1539"}],"wp:attachment":[{"href":"https:\/\/eldiariorepublicamx.com\/index.php?rest_route=%2Fwp%2Fv2%2Fmedia&parent=1538"}],"wp:term":[{"taxonomy":"category","embeddable":true,"href":"https:\/\/eldiariorepublicamx.com\/index.php?rest_route=%2Fwp%2Fv2%2Fcategories&post=1538"},{"taxonomy":"post_tag","embeddable":true,"href":"https:\/\/eldiariorepublicamx.com\/index.php?rest_route=%2Fwp%2Fv2%2Ftags&post=1538"}],"curies":[{"name":"wp","href":"https:\/\/api.w.org\/{rel}","templated":true}]}}