{"id":1536,"date":"2026-04-30T12:25:44","date_gmt":"2026-04-30T18:25:44","guid":{"rendered":"https:\/\/eldiariorepublicamx.com\/?p=1536"},"modified":"2026-04-30T12:25:44","modified_gmt":"2026-04-30T18:25:44","slug":"presidenta-sheinbaum-exige-evidencias-contundentes-ante-acusaciones-estadounidenses-a-funcionarios-mexicanos","status":"publish","type":"post","link":"https:\/\/eldiariorepublicamx.com\/?p=1536","title":{"rendered":"Presidenta Sheinbaum exige evidencias contundentes ante acusaciones estadounidenses a funcionarios mexicanos"},"content":{"rendered":"<p>La presidenta Claudia Sheinbaum adopt\u00f3 una postura firme respecto a la solicitud de extradici\u00f3n emitida por Estados Unidos contra diez connacionales, entre los que figuran el gobernador de Sinaloa, un senador y el alcalde de Culiac\u00e1n. La mandataria enfatiz\u00f3 que se actuar\u00e1 con apego a la ley mexicana y se garantizar\u00e1 la &#8220;verdad, justicia y defensa de la soberan\u00eda&#8221;, rechazando cualquier intento de injerencia pol\u00edtica desde el exterior.<\/p>\n<h3>Procedimiento legal en curso<\/h3>\n<p>El proceso inici\u00f3 la noche del 28 de abril, cuando la Secretar\u00eda de Relaciones Exteriores recibi\u00f3 diez peticiones de detenci\u00f3n provisional con fines de extradici\u00f3n. Al d\u00eda siguiente, la canciller\u00eda canaliz\u00f3 la documentaci\u00f3n a la Fiscal\u00eda General de la Rep\u00fablica para su evaluaci\u00f3n conforme al marco jur\u00eddico nacional.<\/p>\n<p>Posteriormente, el Departamento de Justicia de los Estados Unidos para el Distrito Sur de Nueva York hizo p\u00fablica la acusaci\u00f3n contra los diez mexicanos, acompa\u00f1ada de un documento llamado &#8220;Acusaci\u00f3n de Reemplazo Bajo Reserva&#8221;. Esta divulgaci\u00f3n gener\u00f3 extra\u00f1eza en el \u00e1rea jur\u00eddica de Relaciones Exteriores, ya que dichos tr\u00e1mites suelen ser confidenciales seg\u00fan los tratados internacionales aplicables.<\/p>\n<h3>Postura de la Fiscal\u00eda General de la Rep\u00fablica<\/h3>\n<p>En un comunicado emitido posteriormente, la Fiscal\u00eda General se\u00f1al\u00f3 que, a trav\u00e9s de la Fiscal\u00eda Especial para Asuntos Internacionales, analizar\u00e1 exhaustivamente la documentaci\u00f3n recibida para determinar si existen los elementos probatorios necesarios para proceder. Paralelamente, iniciar\u00e1 una investigaci\u00f3n propia para recabar informaci\u00f3n y evaluar si la acusaci\u00f3n estadounidense cuenta con fundamento legal suficiente para solicitar \u00f3rdenes de aprehensi\u00f3n.<\/p>\n<p>La instituci\u00f3n record\u00f3 que la legislaci\u00f3n mexicana exige presentar datos de prueba que infieran la probabilidad de que una persona haya cometido un delito para poder solicitar una orden de aprehensi\u00f3n a la autoridad judicial.<\/p>\n<h3>Defensa de la soberan\u00eda nacional<\/h3>\n<p>En su mensaje al pueblo de M\u00e9xico, la presidenta Sheinbaum reiter\u00f3 su juramento de hacer respetar la Constituci\u00f3n y las leyes, as\u00ed como su compromiso con el bienestar de la ciudadan\u00eda y la defensa de la soberan\u00eda nacional. Subray\u00f3 que M\u00e9xico establece relaciones de igualdad con todas las naciones, sin subordinaci\u00f3n ni entreguismo.<\/p>\n<p>&#8220;Como Presidenta de la Rep\u00fablica, mi posici\u00f3n ante estos hechos es: verdad, justicia y defensa de la soberan\u00eda&#8221;, afirm\u00f3. Explic\u00f3 que, si la Fiscal\u00eda General de la Rep\u00fablica, como autoridad competente, recibe pruebas contundentes e irrefutables conforme a la ley mexicana o encuentra en su propia investigaci\u00f3n elementos constitutivos de un delito, deber\u00e1 proceder conforme a derecho bajo la jurisdicci\u00f3n nacional.<\/p>\n<h3>Rechazo a la injerencia pol\u00edtica<\/h3>\n<p>La mandataria fue contundente al declarar: <\/p>\n<blockquote><p>&#8220;Nosotros no vamos a cubrir a nadie que haya cometido un delito, sin embargo, si no existen pruebas claras, es evidente que el objetivo de estas imputaciones por parte del Departamento de Justicia es pol\u00edtico&#8221;<\/p><\/blockquote>\n<p>.<\/p>\n<p>Finaliz\u00f3 su mensaje dejando en claro que bajo ning\u00fan motivo se permitir\u00e1 la intromisi\u00f3n o injerencia de un gobierno extranjero en las decisiones que competen exclusivamente al pueblo de M\u00e9xico, reafirmando los principios de verdad, justicia y defensa de la soberan\u00eda como la posici\u00f3n oficial de su gobierno.<\/p>\n","protected":false},"excerpt":{"rendered":"<p>La presidenta Claudia Sheinbaum adopt\u00f3 una postura firme respecto a la solicitud de extradici\u00f3n emitida por Estados Unidos contra diez connacionales, entre los que figuran&hellip;<\/p>\n","protected":false},"author":2,"featured_media":1537,"comment_status":"open","ping_status":"open","sticky":false,"template":"","format":"standard","meta":{"footnotes":""},"categories":[53,252],"tags":[13,1229,146,1258,4],"class_list":["post-1536","post","type-post","status-publish","format-standard","has-post-thumbnail","hentry","category-agenda-internacional","category-agenda-nacional","tag-claudia-sheinbaum","tag-extradicion","tag-fiscalia-general-de-la-republica","tag-ruben-rocha","tag-sinaloa"],"_links":{"self":[{"href":"https:\/\/eldiariorepublicamx.com\/index.php?rest_route=\/wp\/v2\/posts\/1536","targetHints":{"allow":["GET"]}}],"collection":[{"href":"https:\/\/eldiariorepublicamx.com\/index.php?rest_route=\/wp\/v2\/posts"}],"about":[{"href":"https:\/\/eldiariorepublicamx.com\/index.php?rest_route=\/wp\/v2\/types\/post"}],"author":[{"embeddable":true,"href":"https:\/\/eldiariorepublicamx.com\/index.php?rest_route=\/wp\/v2\/users\/2"}],"replies":[{"embeddable":true,"href":"https:\/\/eldiariorepublicamx.com\/index.php?rest_route=%2Fwp%2Fv2%2Fcomments&post=1536"}],"version-history":[{"count":0,"href":"https:\/\/eldiariorepublicamx.com\/index.php?rest_route=\/wp\/v2\/posts\/1536\/revisions"}],"wp:featuredmedia":[{"embeddable":true,"href":"https:\/\/eldiariorepublicamx.com\/index.php?rest_route=\/wp\/v2\/media\/1537"}],"wp:attachment":[{"href":"https:\/\/eldiariorepublicamx.com\/index.php?rest_route=%2Fwp%2Fv2%2Fmedia&parent=1536"}],"wp:term":[{"taxonomy":"category","embeddable":true,"href":"https:\/\/eldiariorepublicamx.com\/index.php?rest_route=%2Fwp%2Fv2%2Fcategories&post=1536"},{"taxonomy":"post_tag","embeddable":true,"href":"https:\/\/eldiariorepublicamx.com\/index.php?rest_route=%2Fwp%2Fv2%2Ftags&post=1536"}],"curies":[{"name":"wp","href":"https:\/\/api.w.org\/{rel}","templated":true}]}}