{"id":1534,"date":"2026-04-30T10:26:16","date_gmt":"2026-04-30T16:26:16","guid":{"rendered":"https:\/\/eldiariorepublicamx.com\/?p=1534"},"modified":"2026-04-30T10:26:16","modified_gmt":"2026-04-30T16:26:16","slug":"sheinbaum-responde-a-imputaciones-estadounidenses-contra-mexicanos-y-reafirma-soberania-nacional","status":"publish","type":"post","link":"https:\/\/eldiariorepublicamx.com\/?p=1534","title":{"rendered":"Sheinbaum responde a imputaciones estadounidenses contra mexicanos y reafirma soberan\u00eda nacional"},"content":{"rendered":"<p>La presidenta de M\u00e9xico, Claudia Sheinbaum, respondi\u00f3 este jueves a las acusaciones judiciales emitidas por el Departamento de Justicia de Estados Unidos en contra de diez connacionales, entre los que se encuentran el gobernador y un senador de Sinaloa, as\u00ed como el alcalde de Culiac\u00e1n.<\/p>\n<h3>Comunicaci\u00f3n oficial y tr\u00e1mite legal<\/h3>\n<p>Durante su habitual conferencia de prensa, la mandataria detall\u00f3 que la Secretar\u00eda de Relaciones Exteriores recibi\u00f3 el pasado 28 de abril una solicitud formal de detenci\u00f3n provisional con fines de extradici\u00f3n.<\/p>\n<p>Sheinbaum explic\u00f3 que dicha documentaci\u00f3n fue enviada de inmediato a la Fiscal\u00eda General de la Rep\u00fablica para que sea analizada bajo el estricto marco legal mexicano.<\/p>\n<h3>Extra\u00f1amiento por filtraci\u00f3n<\/h3>\n<p>La presidenta mencion\u00f3 que la FGR manifest\u00f3 su sorpresa porque las autoridades estadounidenses hicieron p\u00fablica la acusaci\u00f3n el 29 de abril, lo que contraviene la confidencialidad que suelen mantener estos procesos conforme a los tratados internacionales.<\/p>\n<p>En un comunicado, la Fiscal\u00eda se\u00f1al\u00f3 que revisar\u00e1 la solicitud para determinar si cuenta con los elementos probatorios necesarios para proceder, al tiempo que iniciar\u00e1 una investigaci\u00f3n independiente para verificar las pruebas.<\/p>\n<h3>Postura firme de la jefa de Estado<\/h3>\n<p>Claudia Sheinbaum reiter\u00f3 su compromiso inquebrantable con la Constituci\u00f3n y las leyes mexicanas, haciendo \u00e9nfasis en la defensa de la soberan\u00eda nacional.<\/p>\n<p>La mandataria afirm\u00f3 que M\u00e9xico mantiene relaciones de igualdad con todas las naciones, rechazando cualquier forma de subordinaci\u00f3n. Su postura ante este caso, declar\u00f3, se basa en la &#8220;verdad, justicia y defensa de la soberan\u00eda&#8221;.<\/p>\n<h3>Evaluaci\u00f3n de pruebas y rechazo a injerencia<\/h3>\n<p>Sheinbaum enfatiz\u00f3 que, si la FGR encuentra pruebas contundentes e irrefutables, proceder\u00e1 conforme a derecho bajo la jurisdicci\u00f3n mexicana.<\/p>\n<p>Sin embargo, advirti\u00f3 que, en ausencia de pruebas claras, considerar\u00eda que las imputaciones poseen un trasfondo pol\u00edtico. La presidenta concluy\u00f3 asegurando que M\u00e9xico no permitir\u00e1 la intromisi\u00f3n o injerencia de ning\u00fan gobierno extranjero en sus decisiones internas.<\/p>\n","protected":false},"excerpt":{"rendered":"<p>La presidenta de M\u00e9xico, Claudia Sheinbaum, respondi\u00f3 este jueves a las acusaciones judiciales emitidas por el Departamento de Justicia de Estados Unidos en contra de&hellip;<\/p>\n","protected":false},"author":2,"featured_media":1535,"comment_status":"open","ping_status":"open","sticky":false,"template":"","format":"standard","meta":{"footnotes":""},"categories":[53,252],"tags":[205,1229,203,288,473],"class_list":["post-1534","post","type-post","status-publish","format-standard","has-post-thumbnail","hentry","category-agenda-internacional","category-agenda-nacional","tag-estados-unidos","tag-extradicion","tag-fgr","tag-sheinbaum","tag-soberania"],"_links":{"self":[{"href":"https:\/\/eldiariorepublicamx.com\/index.php?rest_route=\/wp\/v2\/posts\/1534","targetHints":{"allow":["GET"]}}],"collection":[{"href":"https:\/\/eldiariorepublicamx.com\/index.php?rest_route=\/wp\/v2\/posts"}],"about":[{"href":"https:\/\/eldiariorepublicamx.com\/index.php?rest_route=\/wp\/v2\/types\/post"}],"author":[{"embeddable":true,"href":"https:\/\/eldiariorepublicamx.com\/index.php?rest_route=\/wp\/v2\/users\/2"}],"replies":[{"embeddable":true,"href":"https:\/\/eldiariorepublicamx.com\/index.php?rest_route=%2Fwp%2Fv2%2Fcomments&post=1534"}],"version-history":[{"count":0,"href":"https:\/\/eldiariorepublicamx.com\/index.php?rest_route=\/wp\/v2\/posts\/1534\/revisions"}],"wp:featuredmedia":[{"embeddable":true,"href":"https:\/\/eldiariorepublicamx.com\/index.php?rest_route=\/wp\/v2\/media\/1535"}],"wp:attachment":[{"href":"https:\/\/eldiariorepublicamx.com\/index.php?rest_route=%2Fwp%2Fv2%2Fmedia&parent=1534"}],"wp:term":[{"taxonomy":"category","embeddable":true,"href":"https:\/\/eldiariorepublicamx.com\/index.php?rest_route=%2Fwp%2Fv2%2Fcategories&post=1534"},{"taxonomy":"post_tag","embeddable":true,"href":"https:\/\/eldiariorepublicamx.com\/index.php?rest_route=%2Fwp%2Fv2%2Ftags&post=1534"}],"curies":[{"name":"wp","href":"https:\/\/api.w.org\/{rel}","templated":true}]}}