{"id":1527,"date":"2026-04-29T15:20:55","date_gmt":"2026-04-29T21:20:55","guid":{"rendered":"https:\/\/eldiariorepublicamx.com\/?p=1527"},"modified":"2026-04-29T15:20:56","modified_gmt":"2026-04-29T21:20:56","slug":"el-tren-felipe-angeles-arranca-con-gran-afluencia-nuestra-presidenta-entrega-movilidad-al-pueblo","status":"publish","type":"post","link":"https:\/\/eldiariorepublicamx.com\/?p=1527","title":{"rendered":"\u00a0El Tren Felipe \u00c1ngeles arranca con gran afluencia: nuestra presidenta entrega movilidad al pueblo"},"content":{"rendered":"\n<p>El Tren<strong> Felipe \u00c1ngeles<\/strong>, inaugurado hace pocos d\u00edas por <strong>nuestra presidenta Claudia Sheinbaum<\/strong>, ya reporta <strong>una afluencia importante<\/strong> y se consolida como <strong>una nueva era de conectividad<\/strong> entre <strong>Buenavista (CDMX)<\/strong> y el <strong>Aeropuerto Internacional Felipe \u00c1ngeles (AIFA)<\/strong>. Lo confirm\u00f3 el director general de la <strong>Agencia de Trenes y Transporte P\u00fablico Integrado (ATTRAPI)<\/strong>, <strong>Andr\u00e9s Lajous<\/strong>: el servicio arranc\u00f3 con la demanda esperada.<\/p>\n\n\n\n<h4 class=\"wp-block-heading\"><strong>Una presidenta que cumple con la movilidad del pueblo<\/strong><\/h4>\n\n\n\n<p>Para nuestra presidenta, el rescate de los <strong>trenes de pasajeros<\/strong> es mucho m\u00e1s que una obra de infraestructura: es <strong>devolverle al pueblo lo que se le hab\u00eda quitado<\/strong>. Sheinbaum lo dijo con claridad en la inauguraci\u00f3n: <strong>&#8220;Eso es lo que representa el rescate de los trenes de pasajeros: que las y los mexicanos, y los visitantes que llegan a nuestro pa\u00eds, tengan acceso a la movilidad y que el pueblo de M\u00e9xico tenga el derecho a una movilidad de primer nivel.&#8221;<\/strong><\/p>\n\n\n\n<h4 class=\"wp-block-heading\"><strong>Conectividad que llega a casi 800 mil personas<\/strong><\/h4>\n\n\n\n<p>El <strong>Tren Felipe \u00c1ngeles<\/strong> beneficia a <strong>m\u00e1s de 799 mil personas<\/strong>, con paso por municipios mexiquenses como <strong>Tultitl\u00e1n, Tultepec, Nextlalpan y Zumpango<\/strong>. Se estima que <strong>57 mil pasajeros diarios<\/strong> se mover\u00e1n por esta v\u00eda, ahorrando <strong>tiempo, dinero y tr\u00e1fico<\/strong> en sus traslados a la <strong>Ciudad de M\u00e9xico<\/strong> o al <strong>AIFA<\/strong>. Usuarios entrevistados reportan ahorros de hasta el <strong>50%<\/strong> frente a otras opciones de transporte. Para muchas familias mexicanas, <strong>al fin hay un tren que las conecta con todo<\/strong>.<\/p>\n\n\n\n<h4 class=\"wp-block-heading\"><strong>Se sigue construyendo el futuro<\/strong><\/h4>\n\n\n\n<p>Pero esto es apenas el principio: nuestra presidenta adelant\u00f3 que el <strong>Tren M\u00e9xico\u2013Pachuca<\/strong> ya lleva un <strong>30% de avance y<\/strong> se inaugurar\u00e1 en <strong>2027<\/strong>. Mientras algunos discut\u00edan si conven\u00eda o no invertir en trenes p\u00fablicos, <strong>la Cuarta Transformaci\u00f3n los est\u00e1 construyendo<\/strong>, con dignidad, con visi\u00f3n y con la mirada puesta donde siempre debi\u00f3 estar: <strong>en el pueblo de M\u00e9xico<\/strong>.<\/p>\n","protected":false},"excerpt":{"rendered":"<p>El Tren Felipe \u00c1ngeles, inaugurado hace pocos d\u00edas por nuestra presidenta Claudia Sheinbaum, ya reporta una afluencia importante y se consolida como una nueva era&hellip;<\/p>\n","protected":false},"author":5,"featured_media":1528,"comment_status":"open","ping_status":"open","sticky":false,"template":"","format":"standard","meta":{"footnotes":""},"categories":[252],"tags":[13,96,45,18],"class_list":["post-1527","post","type-post","status-publish","format-standard","has-post-thumbnail","hentry","category-agenda-nacional","tag-claudia-sheinbaum","tag-gobierno-federal","tag-mexico","tag-morena"],"_links":{"self":[{"href":"https:\/\/eldiariorepublicamx.com\/index.php?rest_route=\/wp\/v2\/posts\/1527","targetHints":{"allow":["GET"]}}],"collection":[{"href":"https:\/\/eldiariorepublicamx.com\/index.php?rest_route=\/wp\/v2\/posts"}],"about":[{"href":"https:\/\/eldiariorepublicamx.com\/index.php?rest_route=\/wp\/v2\/types\/post"}],"author":[{"embeddable":true,"href":"https:\/\/eldiariorepublicamx.com\/index.php?rest_route=\/wp\/v2\/users\/5"}],"replies":[{"embeddable":true,"href":"https:\/\/eldiariorepublicamx.com\/index.php?rest_route=%2Fwp%2Fv2%2Fcomments&post=1527"}],"version-history":[{"count":1,"href":"https:\/\/eldiariorepublicamx.com\/index.php?rest_route=\/wp\/v2\/posts\/1527\/revisions"}],"predecessor-version":[{"id":1529,"href":"https:\/\/eldiariorepublicamx.com\/index.php?rest_route=\/wp\/v2\/posts\/1527\/revisions\/1529"}],"wp:featuredmedia":[{"embeddable":true,"href":"https:\/\/eldiariorepublicamx.com\/index.php?rest_route=\/wp\/v2\/media\/1528"}],"wp:attachment":[{"href":"https:\/\/eldiariorepublicamx.com\/index.php?rest_route=%2Fwp%2Fv2%2Fmedia&parent=1527"}],"wp:term":[{"taxonomy":"category","embeddable":true,"href":"https:\/\/eldiariorepublicamx.com\/index.php?rest_route=%2Fwp%2Fv2%2Fcategories&post=1527"},{"taxonomy":"post_tag","embeddable":true,"href":"https:\/\/eldiariorepublicamx.com\/index.php?rest_route=%2Fwp%2Fv2%2Ftags&post=1527"}],"curies":[{"name":"wp","href":"https:\/\/api.w.org\/{rel}","templated":true}]}}