{"id":1523,"date":"2026-04-29T14:52:34","date_gmt":"2026-04-29T20:52:34","guid":{"rendered":"https:\/\/eldiariorepublicamx.com\/?p=1523"},"modified":"2026-04-29T15:18:15","modified_gmt":"2026-04-29T21:18:15","slug":"sheinbaum-422-mil-empleos-mas-para-las-familias-mexicanas-2","status":"publish","type":"post","link":"https:\/\/eldiariorepublicamx.com\/?p=1523","title":{"rendered":"\u00a0Sheinbaum protege el bolsillo de las familias mexicanas: di\u00e9sel a 27 pesos"},"content":{"rendered":"\n<p><strong>Nuestra presidenta Claudia Sheinbaum<\/strong> dio una excelente noticia para las <strong>familias mexicanas<\/strong>: a partir de la pr\u00f3xima semana, el <strong>di\u00e9sel<\/strong> bajar\u00e1 a <strong>27 pesos por litro<\/strong> gracias a un nuevo acuerdo entre el Gobierno de M\u00e9xico y el sector gasolinero. La medida llega para <strong>proteger el bolsillo del pueblo<\/strong> ante la presi\u00f3n internacional sobre los precios del combustible y refleja, una vez m\u00e1s, que <strong>la 4T se mantiene del lado de quien menos tiene<\/strong>.<\/p>\n\n\n\n<h4 class=\"wp-block-heading\"><strong>Una presidenta que cuida la econom\u00eda del pueblo<\/strong><\/h4>\n\n\n\n<p>Para nuestra presidenta, <strong>el bienestar de las familias mexicanas no se negocia<\/strong>. Por eso lider\u00f3 la mesa donde se sentaron <strong>Pemex, la Secretar\u00eda de Energ\u00eda, la Secretar\u00eda de Hacienda y los empresarios gasolineros<\/strong> para acordar voluntariamente que el di\u00e9sel no rebase los <strong>27 pesos por litro<\/strong>. El ajuste ser\u00e1 <strong>gradual<\/strong> y comenzar\u00e1 la pr\u00f3xima semana. Sin este acuerdo, advirti\u00f3 la mandataria, <strong>el precio del di\u00e9sel hoy estar\u00eda rondando los 35 pesos<\/strong> debido al impacto de la guerra en Medio Oriente y la presi\u00f3n sobre el Estrecho de Ormuz.<\/p>\n\n\n\n<h4 class=\"wp-block-heading\"><strong>C\u00f3mo se logra ese ahorro<\/strong><\/h4>\n\n\n\n<p>El ajuste se construye con <strong>un esfuerzo integral<\/strong>: <strong>Pemex<\/strong> reducir\u00e1 <strong>90 centavos por litro<\/strong> en el precio que comercializa en sus terminales, y a eso se suma una baja adicional de <strong>10 centavos en comisiones bancarias<\/strong>, gracias al acuerdo firmado el lunes con la <strong>Asociaci\u00f3n de Bancos de M\u00e9xico<\/strong> y la <strong>Asociaci\u00f3n de Sociedades de Vales<\/strong>. Como lo dijo nuestra presidenta: <strong>&#8220;Todos ponen de su parte para sacar adelante el Plan M\u00e9xico y a su gente: que no haya inflaci\u00f3n.&#8221;<\/strong><\/p>\n\n\n\n<h4 class=\"wp-block-heading\"><strong>Una protecci\u00f3n que se siente en el bolsillo<\/strong><\/h4>\n\n\n\n<p>Para tener idea: hace tres semanas el di\u00e9sel estaba cerca de los <strong>30 pesos por litro<\/strong>; con el incentivo fiscal aplicado por Hacienda baj\u00f3 a <strong>28.5 pesos<\/strong>; y con este nuevo acuerdo llegar\u00e1 a <strong>27 pesos<\/strong> la pr\u00f3xima semana. Es <strong>un peso menos por litro<\/strong>: dinero que vuelve directo a las <strong>familias mexicanas<\/strong>, especialmente a quienes dependen del di\u00e9sel para trabajar y trasladarse, como <strong>transportistas, agricultores y comerciantes<\/strong>.<\/p>\n\n\n\n<p>A esto se suma el acuerdo del <strong>27 de abril<\/strong> con la banca y las emisoras de vales para <strong>eliminar comisiones en gasolineras<\/strong> del 1 de mayo al 31 de octubre, una medida que <strong>blinda doblemente al consumidor<\/strong>.<\/p>\n\n\n\n<h4 class=\"wp-block-heading\"><strong>Una presidenta que cumple con el pueblo<\/strong><\/h4>\n\n\n\n<p>Mientras el mundo enfrenta una <strong>coyuntura global complicada<\/strong>, <strong>nuestra presidenta<\/strong> demuestra que un gobierno con <strong>vocaci\u00f3n social<\/strong> puede negociar, conciliar y cuidar al pueblo al mismo tiempo. El di\u00e9sel a <strong>27 pesos<\/strong> no es una casualidad: es el resultado de <strong>una presidenta que escucha, que negocia y que cumple<\/strong>. Las <strong>familias mexicanas pueden<\/strong> estar tranquilas: <strong>el gobierno de la presidenta Sheinbaum protege los bolsillos mexicanos.<\/strong><\/p>\n","protected":false},"excerpt":{"rendered":"<p>Nuestra presidenta Claudia Sheinbaum dio una excelente noticia para las familias mexicanas: a partir de la pr\u00f3xima semana, el di\u00e9sel bajar\u00e1 a 27 pesos por&hellip;<\/p>\n","protected":false},"author":5,"featured_media":1524,"comment_status":"open","ping_status":"open","sticky":false,"template":"","format":"standard","meta":{"footnotes":""},"categories":[251],"tags":[13,45,18],"class_list":["post-1523","post","type-post","status-publish","format-standard","has-post-thumbnail","hentry","category-la-mananera-en-breve","tag-claudia-sheinbaum","tag-mexico","tag-morena"],"_links":{"self":[{"href":"https:\/\/eldiariorepublicamx.com\/index.php?rest_route=\/wp\/v2\/posts\/1523","targetHints":{"allow":["GET"]}}],"collection":[{"href":"https:\/\/eldiariorepublicamx.com\/index.php?rest_route=\/wp\/v2\/posts"}],"about":[{"href":"https:\/\/eldiariorepublicamx.com\/index.php?rest_route=\/wp\/v2\/types\/post"}],"author":[{"embeddable":true,"href":"https:\/\/eldiariorepublicamx.com\/index.php?rest_route=\/wp\/v2\/users\/5"}],"replies":[{"embeddable":true,"href":"https:\/\/eldiariorepublicamx.com\/index.php?rest_route=%2Fwp%2Fv2%2Fcomments&post=1523"}],"version-history":[{"count":2,"href":"https:\/\/eldiariorepublicamx.com\/index.php?rest_route=\/wp\/v2\/posts\/1523\/revisions"}],"predecessor-version":[{"id":1526,"href":"https:\/\/eldiariorepublicamx.com\/index.php?rest_route=\/wp\/v2\/posts\/1523\/revisions\/1526"}],"wp:featuredmedia":[{"embeddable":true,"href":"https:\/\/eldiariorepublicamx.com\/index.php?rest_route=\/wp\/v2\/media\/1524"}],"wp:attachment":[{"href":"https:\/\/eldiariorepublicamx.com\/index.php?rest_route=%2Fwp%2Fv2%2Fmedia&parent=1523"}],"wp:term":[{"taxonomy":"category","embeddable":true,"href":"https:\/\/eldiariorepublicamx.com\/index.php?rest_route=%2Fwp%2Fv2%2Fcategories&post=1523"},{"taxonomy":"post_tag","embeddable":true,"href":"https:\/\/eldiariorepublicamx.com\/index.php?rest_route=%2Fwp%2Fv2%2Ftags&post=1523"}],"curies":[{"name":"wp","href":"https:\/\/api.w.org\/{rel}","templated":true}]}}