{"id":1520,"date":"2026-04-29T12:26:46","date_gmt":"2026-04-29T18:26:46","guid":{"rendered":"https:\/\/eldiariorepublicamx.com\/?p=1520"},"modified":"2026-04-29T12:26:46","modified_gmt":"2026-04-29T18:26:46","slug":"sheinbaum-anuncia-acuerdo-para-potenciar-produccion-nacional-de-acero-y-reducir-importaciones-de-paises-sin-tratado-comercial","status":"publish","type":"post","link":"https:\/\/eldiariorepublicamx.com\/?p=1520","title":{"rendered":"Sheinbaum anuncia acuerdo para potenciar producci\u00f3n nacional de acero y reducir importaciones de pa\u00edses sin tratado comercial"},"content":{"rendered":"<p>La presidenta Claudia Sheinbaum anunci\u00f3 un acuerdo con la industria sider\u00fargica para fortalecer la producci\u00f3n nacional de acero, reducir las importaciones de pa\u00edses que carecen de tratado comercial con M\u00e9xico y generar empleos, durante su conferencia matutina del mi\u00e9rcoles 29 de abril.<\/p>\n<h3>Detalles del acuerdo estrat\u00e9gico<\/h3>\n<p>La secretaria de Anticorrupci\u00f3n y Buen Gobierno, Raquel Buenrostro, inform\u00f3 que el convenio entre el sector p\u00fablico y las c\u00e1maras empresariales del acero y la construcci\u00f3n busca desarrollar mecanismos para garantizar el crecimiento econ\u00f3mico y la industrializaci\u00f3n del pa\u00eds. El acuerdo se estructura en tres ejes principales: contrataciones p\u00fablicas, financiamiento para infraestructura y compromisos vinculados a programas de vivienda.<\/p>\n<p>Marcelo Ebrard, secretario de Econom\u00eda, resalt\u00f3 la importancia estrat\u00e9gica de esta industria para la autonom\u00eda y la seguridad de las cadenas productivas nacionales, afirmando que provee insumos esenciales para casi todas las industrias. Ebrard enfatiz\u00f3 que el objetivo es que &#8220;lo preferente es comprar lo que se puede usar. No nada m\u00e1s el precio, importa mucho d\u00f3nde se hace&#8221;.<\/p>\n<h3>Impacto en las importaciones y empleo<\/h3>\n<p>Sheinbaum explic\u00f3 que se establecieron aranceles al acero proveniente de naciones sin acuerdo comercial con M\u00e9xico, lo que limitar\u00e1 las importaciones. Sergio de la Maza, presidente de la C\u00e1mara Nacional de la Industria del Hierro y del Acero (Canacero), detall\u00f3 que los pa\u00edses afectados por esta medida ser\u00edan principalmente China y Corea, de donde proviene una parte del acero utilizado en el pa\u00eds.<\/p>\n<p>La presidenta aclar\u00f3 que se seguir\u00e1n importando algunos tipos de acero especial que no se producen localmente, pero se dar\u00e1 preferencia a la industria nacional, lo que reducir\u00e1 la dependencia de compras en el extranjero. De la Maza calific\u00f3 el acuerdo como &#8220;un paso decisivo para fortalecer a nuestro sector, elevar el contenido nacional y avanzar en la sustituci\u00f3n de importaciones&#8221;, asegurando que respaldar\u00e1 cerca de 90 mil empleos directos y dar\u00e1 certidumbre a las inversiones.<\/p>\n<h3>Compromiso institucional y objetivos<\/h3>\n<p>El convenio fue asumido por el Gobierno federal junto con 19 instituciones p\u00fablicas y tres c\u00e1maras empresariales. Raquel Buenrostro se\u00f1al\u00f3 que las compras p\u00fablicas buscar\u00e1n garantizar &#8220;abasto, calidad, precios justos y por lo tanto fomento de la industria&#8221;.<\/p>\n<p>Este plan se enmarca dentro del Plan M\u00e9xico y el Plan Nacional de Desarrollo, con el objetivo de impulsar el empleo y reducir la dependencia de importaciones, fortaleciendo as\u00ed la econom\u00eda nacional en el marco de la Cuarta Transformaci\u00f3n.<\/p>\n","protected":false},"excerpt":{"rendered":"<p>La presidenta Claudia Sheinbaum anunci\u00f3 un acuerdo con la industria sider\u00fargica para fortalecer la producci\u00f3n nacional de acero, reducir las importaciones de pa\u00edses que carecen&hellip;<\/p>\n","protected":false},"author":2,"featured_media":1521,"comment_status":"open","ping_status":"open","sticky":false,"template":"","format":"standard","meta":{"footnotes":""},"categories":[252,52],"tags":[679,1241,63,680,1245,312,288],"class_list":["post-1520","post","type-post","status-publish","format-standard","has-post-thumbnail","hentry","category-agenda-nacional","category-economia","tag-acero","tag-acuerdo","tag-empleo","tag-importaciones","tag-industria-siderurgica","tag-produccion-nacional","tag-sheinbaum"],"_links":{"self":[{"href":"https:\/\/eldiariorepublicamx.com\/index.php?rest_route=\/wp\/v2\/posts\/1520","targetHints":{"allow":["GET"]}}],"collection":[{"href":"https:\/\/eldiariorepublicamx.com\/index.php?rest_route=\/wp\/v2\/posts"}],"about":[{"href":"https:\/\/eldiariorepublicamx.com\/index.php?rest_route=\/wp\/v2\/types\/post"}],"author":[{"embeddable":true,"href":"https:\/\/eldiariorepublicamx.com\/index.php?rest_route=\/wp\/v2\/users\/2"}],"replies":[{"embeddable":true,"href":"https:\/\/eldiariorepublicamx.com\/index.php?rest_route=%2Fwp%2Fv2%2Fcomments&post=1520"}],"version-history":[{"count":0,"href":"https:\/\/eldiariorepublicamx.com\/index.php?rest_route=\/wp\/v2\/posts\/1520\/revisions"}],"wp:featuredmedia":[{"embeddable":true,"href":"https:\/\/eldiariorepublicamx.com\/index.php?rest_route=\/wp\/v2\/media\/1521"}],"wp:attachment":[{"href":"https:\/\/eldiariorepublicamx.com\/index.php?rest_route=%2Fwp%2Fv2%2Fmedia&parent=1520"}],"wp:term":[{"taxonomy":"category","embeddable":true,"href":"https:\/\/eldiariorepublicamx.com\/index.php?rest_route=%2Fwp%2Fv2%2Fcategories&post=1520"},{"taxonomy":"post_tag","embeddable":true,"href":"https:\/\/eldiariorepublicamx.com\/index.php?rest_route=%2Fwp%2Fv2%2Ftags&post=1520"}],"curies":[{"name":"wp","href":"https:\/\/api.w.org\/{rel}","templated":true}]}}