{"id":1510,"date":"2026-04-29T12:26:34","date_gmt":"2026-04-29T18:26:34","guid":{"rendered":"https:\/\/eldiariorepublicamx.com\/?p=1510"},"modified":"2026-04-29T12:26:34","modified_gmt":"2026-04-29T18:26:34","slug":"claudia-sheinbaum-lidera-indice-de-aprobacion-en-america-latina-durante-marzo","status":"publish","type":"post","link":"https:\/\/eldiariorepublicamx.com\/?p=1510","title":{"rendered":"Claudia Sheinbaum lidera \u00edndice de aprobaci\u00f3n en Am\u00e9rica Latina durante marzo"},"content":{"rendered":"<p>Claudia Sheinbaum, presidenta de M\u00e9xico, fue catalogada como la mandataria con mejor evaluaci\u00f3n en la regi\u00f3n latinoamericana durante marzo de 2026, al lograr una imagen positiva del 72.3%, de acuerdo con el estudio m\u00e1s reciente de CB Global Data.<\/p>\n<h3>Liderazgo regional en popularidad<\/h3>\n<p>La jefa del Ejecutivo federal se posicion\u00f3 en el primer lugar del ranking, superando por un margen estrecho al presidente de El Salvador, Nayib Bukele, quien alcanz\u00f3 el 71.8%, y a Luis Abinader de Rep\u00fablica Dominicana, quien se situ\u00f3 en tercer lugar con un 58.7%. La investigaci\u00f3n se efectu\u00f3 con una muestra de 2,562 casos y presenta un margen de error del 1.9%.<\/p>\n<h3>Crecimiento en la percepci\u00f3n ciudadana<\/h3>\n<p>El an\u00e1lisis muestra un incremento en la popularidad de la mandataria mexicana, quien en el mes de febrero anterior hab\u00eda registrado un 68.5% de aprobaci\u00f3n. La percepci\u00f3n sobre su gesti\u00f3n es mayoritariamente favorable, ya que el 37.3% de las personas consultadas calific\u00f3 su desempe\u00f1o como \u201cmuy bueno\u201d y el 35% como \u201cbueno\u201d, en contraste con un 25.6% de opiniones negativas.<\/p>\n<h3>Contraste con otros l\u00edderes de la regi\u00f3n<\/h3>\n<p>Esta tendencia ascendente se diferencia de la situaci\u00f3n que enfrentan otros gobernantes de la zona, quienes presentan balances divididos o mayoritariamente desfavorables. Jos\u00e9 Mar\u00eda Balc\u00e1zar de Per\u00fa, Delcy Rodr\u00edguez de Venezuela y Daniel Noboa de Ecuador ocupan los \u00faltimos puestos de la lista, con niveles de aprobaci\u00f3n por debajo del 34%.<\/p>\n<p>En cuanto a las variaciones mensuales, mientras Sheinbaum y el dominicano Abinader mostraron avances considerables en su imagen p\u00fablica, otros perfiles tuvieron retrocesos significativos. Destaca el caso del argentino Javier Milei, quien present\u00f3 la ca\u00edda m\u00e1s notable del mes con una reducci\u00f3n de 4.5 puntos porcentuales.<\/p>\n<h3>Estabilidad y confianza ciudadana<\/h3>\n<p>La consolidaci\u00f3n de Claudia Sheinbaum en la primera posici\u00f3n del ranking refleja una percepci\u00f3n de estabilidad y respaldo a sus pol\u00edticas durante el primer trimestre del a\u00f1o, manteni\u00e9ndose como la \u00fanica figura femenina que encabeza la evaluaci\u00f3n de confianza ciudadana en toda Am\u00e9rica Latina.<\/p>\n","protected":false},"excerpt":{"rendered":"<p>Claudia Sheinbaum, presidenta de M\u00e9xico, fue catalogada como la mandataria con mejor evaluaci\u00f3n en la regi\u00f3n latinoamericana durante marzo de 2026, al lograr una imagen&hellip;<\/p>\n","protected":false},"author":2,"featured_media":1511,"comment_status":"open","ping_status":"open","sticky":false,"template":"","format":"standard","meta":{"footnotes":""},"categories":[252,290],"tags":[1242,419,1244,13,1243],"class_list":["post-1510","post","type-post","status-publish","format-standard","has-post-thumbnail","hentry","category-agenda-nacional","category-sociedad-y-cultura","tag-america-latina","tag-aprobacion","tag-cb-global-data","tag-claudia-sheinbaum","tag-ranking"],"_links":{"self":[{"href":"https:\/\/eldiariorepublicamx.com\/index.php?rest_route=\/wp\/v2\/posts\/1510","targetHints":{"allow":["GET"]}}],"collection":[{"href":"https:\/\/eldiariorepublicamx.com\/index.php?rest_route=\/wp\/v2\/posts"}],"about":[{"href":"https:\/\/eldiariorepublicamx.com\/index.php?rest_route=\/wp\/v2\/types\/post"}],"author":[{"embeddable":true,"href":"https:\/\/eldiariorepublicamx.com\/index.php?rest_route=\/wp\/v2\/users\/2"}],"replies":[{"embeddable":true,"href":"https:\/\/eldiariorepublicamx.com\/index.php?rest_route=%2Fwp%2Fv2%2Fcomments&post=1510"}],"version-history":[{"count":0,"href":"https:\/\/eldiariorepublicamx.com\/index.php?rest_route=\/wp\/v2\/posts\/1510\/revisions"}],"wp:featuredmedia":[{"embeddable":true,"href":"https:\/\/eldiariorepublicamx.com\/index.php?rest_route=\/wp\/v2\/media\/1511"}],"wp:attachment":[{"href":"https:\/\/eldiariorepublicamx.com\/index.php?rest_route=%2Fwp%2Fv2%2Fmedia&parent=1510"}],"wp:term":[{"taxonomy":"category","embeddable":true,"href":"https:\/\/eldiariorepublicamx.com\/index.php?rest_route=%2Fwp%2Fv2%2Fcategories&post=1510"},{"taxonomy":"post_tag","embeddable":true,"href":"https:\/\/eldiariorepublicamx.com\/index.php?rest_route=%2Fwp%2Fv2%2Ftags&post=1510"}],"curies":[{"name":"wp","href":"https:\/\/api.w.org\/{rel}","templated":true}]}}