{"id":1506,"date":"2026-04-29T12:26:25","date_gmt":"2026-04-29T18:26:25","guid":{"rendered":"https:\/\/eldiariorepublicamx.com\/?p=1506"},"modified":"2026-04-29T12:26:25","modified_gmt":"2026-04-29T18:26:25","slug":"gobierno-impulsa-uso-de-acero-nacional-para-obras-publicas-y-evita-importaciones-senala-sheinbaum","status":"publish","type":"post","link":"https:\/\/eldiariorepublicamx.com\/?p=1506","title":{"rendered":"Gobierno impulsa uso de acero nacional para obras p\u00fablicas y evita importaciones, se\u00f1ala Sheinbaum"},"content":{"rendered":"<p>Durante la conferencia matutina en Palacio Nacional, la presidenta Claudia Sheinbaum present\u00f3 una estrategia para que las obras de gobierno utilicen \u00fanicamente acero fabricado en M\u00e9xico, con el fin de reducir costos y proteger a la industria nacional de los aranceles establecidos por Estados Unidos.<\/p>\n<h3>Compromiso por la industria nacional<\/h3>\n<p>La secretaria de la Funci\u00f3n P\u00fablica, Raquel Buenrostro, explic\u00f3 que el convenio firmado esta ma\u00f1ana tiene como prop\u00f3sito fortalecer la producci\u00f3n sider\u00fargica del pa\u00eds, asegurar la calidad y accesibilidad de la obra p\u00fablica y generar empleos con buenos salarios. Afirm\u00f3 que las empresas participantes se han comprometido a suministrar productos de alta calidad a precios competitivos y con total transparencia.<\/p>\n<blockquote><p>&#8220;Donde el gobierno compra, el pueblo gana&#8221;, asegur\u00f3 Buenrostro en el marco del Plan M\u00e9xico de impulso a la industria mexicana.<\/p><\/blockquote>\n<p>El secretario de Econom\u00eda, Marcelo Ebrard, resalt\u00f3 la importancia del sector al declarar que &#8220;la sider\u00fargica mexicana es responsable de much\u00edsimos insumos&#8221;.<\/p>\n<h3>Impacto en empleo y obras futuras<\/h3>\n<p>Representantes de la industria sider\u00fargica expresaron su satisfacci\u00f3n y optimismo respecto a esta colaboraci\u00f3n, se\u00f1alando que se preservar\u00e1n alrededor de 90 mil empleos y se espera un crecimiento en el sector. Reafirmaron su apoyo para participar en el desarrollo de vivienda y otras \u00e1reas de la construcci\u00f3n p\u00fablica.<\/p>\n<p>Por su parte, el secretario de Infraestructura, Comunicaciones y Transportes, Jes\u00fas Esteva Medina, inform\u00f3 que se proyecta un consumo superior al mill\u00f3n de toneladas de acero en diversas obras p\u00fablicas durante el a\u00f1o 2026.<\/p>\n","protected":false},"excerpt":{"rendered":"<p>Durante la conferencia matutina en Palacio Nacional, la presidenta Claudia Sheinbaum present\u00f3 una estrategia para que las obras de gobierno utilicen \u00fanicamente acero fabricado en&hellip;<\/p>\n","protected":false},"author":2,"featured_media":1507,"comment_status":"open","ping_status":"open","sticky":false,"template":"","format":"standard","meta":{"footnotes":""},"categories":[251],"tags":[679,13,440,1240,1239],"class_list":["post-1506","post","type-post","status-publish","format-standard","has-post-thumbnail","hentry","category-la-mananera-en-breve","tag-acero","tag-claudia-sheinbaum","tag-empleos","tag-industria-nacional","tag-obra-publica"],"_links":{"self":[{"href":"https:\/\/eldiariorepublicamx.com\/index.php?rest_route=\/wp\/v2\/posts\/1506","targetHints":{"allow":["GET"]}}],"collection":[{"href":"https:\/\/eldiariorepublicamx.com\/index.php?rest_route=\/wp\/v2\/posts"}],"about":[{"href":"https:\/\/eldiariorepublicamx.com\/index.php?rest_route=\/wp\/v2\/types\/post"}],"author":[{"embeddable":true,"href":"https:\/\/eldiariorepublicamx.com\/index.php?rest_route=\/wp\/v2\/users\/2"}],"replies":[{"embeddable":true,"href":"https:\/\/eldiariorepublicamx.com\/index.php?rest_route=%2Fwp%2Fv2%2Fcomments&post=1506"}],"version-history":[{"count":0,"href":"https:\/\/eldiariorepublicamx.com\/index.php?rest_route=\/wp\/v2\/posts\/1506\/revisions"}],"wp:featuredmedia":[{"embeddable":true,"href":"https:\/\/eldiariorepublicamx.com\/index.php?rest_route=\/wp\/v2\/media\/1507"}],"wp:attachment":[{"href":"https:\/\/eldiariorepublicamx.com\/index.php?rest_route=%2Fwp%2Fv2%2Fmedia&parent=1506"}],"wp:term":[{"taxonomy":"category","embeddable":true,"href":"https:\/\/eldiariorepublicamx.com\/index.php?rest_route=%2Fwp%2Fv2%2Fcategories&post=1506"},{"taxonomy":"post_tag","embeddable":true,"href":"https:\/\/eldiariorepublicamx.com\/index.php?rest_route=%2Fwp%2Fv2%2Ftags&post=1506"}],"curies":[{"name":"wp","href":"https:\/\/api.w.org\/{rel}","templated":true}]}}