{"id":1504,"date":"2026-04-29T10:25:45","date_gmt":"2026-04-29T16:25:45","guid":{"rendered":"https:\/\/eldiariorepublicamx.com\/?p=1504"},"modified":"2026-04-29T10:25:45","modified_gmt":"2026-04-29T16:25:45","slug":"guadalupe-loaeza-reflexiona-sobre-el-silencio-ante-la-violencia-de-genero-en-juana","status":"publish","type":"post","link":"https:\/\/eldiariorepublicamx.com\/?p=1504","title":{"rendered":"Guadalupe Loaeza reflexiona sobre el silencio ante la violencia de g\u00e9nero en &#8216;Juana&#8217;"},"content":{"rendered":"<p>En su columna de opini\u00f3n publicada este 28 de abril de 2026, la escritora Guadalupe Loaeza aborda el tema del silencio c\u00f3mplice que rodea a las v\u00edctimas de acoso y violencia de g\u00e9nero, tomando como punto de partida la pel\u00edcula &#8220;Juana&#8221;, \u00f3pera prima del director Daniel Gim\u00e9nez Cacho.<\/p>\n<h3>La pel\u00edcula como reflejo de una lucha social<\/h3>\n<p>Loaeza se\u00f1ala que muchas mujeres guardan un &#8220;absoluto mutismo&#8221; despu\u00e9s de haber sufrido acoso o violencia, ya sea por el dolor del recuerdo o por un &#8220;olvido voluntario&#8221;. Seg\u00fan la columnista, este silencio se transforma en complicidad y es una resistencia a enfrentar heridas del pasado que no han sanado.<\/p>\n<p>La pel\u00edcula &#8220;Juana&#8221;, con guion de Emma Bertr\u00e1n y protagonizada por Diana Sedano, explora precisamente esta realidad. El director Daniel Gim\u00e9nez Cacho ha declarado que su inter\u00e9s se centra en &#8220;los silencios que se tejen en el interior de periodistas que arriesgan su vida como Juana o como su compa\u00f1era&#8221;. La cinta representa, en palabras del cineasta, una lucha por &#8220;acabar con ese silencio c\u00f3mplice&#8221;.<\/p>\n<h3>Una llamada a romper el pacto del silencio<\/h3>\n<p>La reflexi\u00f3n de Loaeza parte de la premisa de que el silencio no es neutral sino activo, y que mantenerlo perpet\u00faa las estructuras que permiten la violencia de g\u00e9nero. La columna, publicada en el peri\u00f3dico Reforma, invita a los lectores a reconocer esta din\u00e1mica tanto en la vida real como en las representaciones art\u00edsticas como el cine.<\/p>\n<p>Al finalizar el texto, el medio invita a sus lectores a continuar leyendo de forma gratuita registr\u00e1ndose o iniciando sesi\u00f3n, especialmente si ya son suscriptores pero no han completado su registro en la plataforma digital.<\/p>\n","protected":false},"excerpt":{"rendered":"<p>En su columna de opini\u00f3n publicada este 28 de abril de 2026, la escritora Guadalupe Loaeza aborda el tema del silencio c\u00f3mplice que rodea a&hellip;<\/p>\n","protected":false},"author":2,"featured_media":1505,"comment_status":"open","ping_status":"open","sticky":false,"template":"","format":"standard","meta":{"footnotes":""},"categories":[290],"tags":[1234,1237,1233,1236,1238,1235,398],"class_list":["post-1504","post","type-post","status-publish","format-standard","has-post-thumbnail","hentry","category-sociedad-y-cultura","tag-acoso","tag-daniel-gimenez-cacho","tag-guadalupe-loaeza","tag-juana","tag-opinion","tag-silencio","tag-violencia-de-genero"],"_links":{"self":[{"href":"https:\/\/eldiariorepublicamx.com\/index.php?rest_route=\/wp\/v2\/posts\/1504","targetHints":{"allow":["GET"]}}],"collection":[{"href":"https:\/\/eldiariorepublicamx.com\/index.php?rest_route=\/wp\/v2\/posts"}],"about":[{"href":"https:\/\/eldiariorepublicamx.com\/index.php?rest_route=\/wp\/v2\/types\/post"}],"author":[{"embeddable":true,"href":"https:\/\/eldiariorepublicamx.com\/index.php?rest_route=\/wp\/v2\/users\/2"}],"replies":[{"embeddable":true,"href":"https:\/\/eldiariorepublicamx.com\/index.php?rest_route=%2Fwp%2Fv2%2Fcomments&post=1504"}],"version-history":[{"count":0,"href":"https:\/\/eldiariorepublicamx.com\/index.php?rest_route=\/wp\/v2\/posts\/1504\/revisions"}],"wp:featuredmedia":[{"embeddable":true,"href":"https:\/\/eldiariorepublicamx.com\/index.php?rest_route=\/wp\/v2\/media\/1505"}],"wp:attachment":[{"href":"https:\/\/eldiariorepublicamx.com\/index.php?rest_route=%2Fwp%2Fv2%2Fmedia&parent=1504"}],"wp:term":[{"taxonomy":"category","embeddable":true,"href":"https:\/\/eldiariorepublicamx.com\/index.php?rest_route=%2Fwp%2Fv2%2Fcategories&post=1504"},{"taxonomy":"post_tag","embeddable":true,"href":"https:\/\/eldiariorepublicamx.com\/index.php?rest_route=%2Fwp%2Fv2%2Ftags&post=1504"}],"curies":[{"name":"wp","href":"https:\/\/api.w.org\/{rel}","templated":true}]}}