{"id":1495,"date":"2026-04-28T13:41:42","date_gmt":"2026-04-28T19:41:42","guid":{"rendered":"https:\/\/eldiariorepublicamx.com\/?p=1495"},"modified":"2026-04-28T13:41:42","modified_gmt":"2026-04-28T19:41:42","slug":"sheinbaum-422-mil-empleos-mas-para-las-familias-mexicanas","status":"publish","type":"post","link":"https:\/\/eldiariorepublicamx.com\/?p=1495","title":{"rendered":"Sheinbaum: 422 mil empleos m\u00e1s para las familias mexicanas"},"content":{"rendered":"\n<p><strong>Nuestra presidenta Claudia Sheinbaum<\/strong> dio hoy una buena noticia para las <strong>familias mexicanas<\/strong>: a marzo de 2026, M\u00e9xico registr\u00f3 <strong>60.2 millones de personas ocupadas<\/strong>, <strong>422 mil m\u00e1s que hace un a\u00f1o<\/strong>, y se posicion\u00f3 como el pa\u00eds con la <strong>menor tasa de desocupaci\u00f3n de toda la OCDE<\/strong>, con apenas <strong>2.4%<\/strong>. La econom\u00eda da empleo, los salarios suben y la pobreza laboral est\u00e1 en su <strong>m\u00ednimo hist\u00f3rico<\/strong>, una combinaci\u00f3n que confirma que la <strong>Cuarta Transformaci\u00f3n<\/strong> est\u00e1 cumpliendo con el pueblo.<\/p>\n\n\n\n<h4 class=\"wp-block-heading\"><strong>Una presidenta que cuida el trabajo del pueblo<\/strong><\/h4>\n\n\n\n<p>Para nuestra presidenta, <strong>el empleo es la mejor pol\u00edtica social<\/strong>. Por eso celebra que en marzo de este a\u00f1o se haya alcanzado <strong>el mayor n\u00famero de personas ocupadas en la historia de M\u00e9xico<\/strong>. La tendencia es clara: la <strong>tasa de desocupaci\u00f3n baj\u00f3 del 2.7% en enero al 2.4% en marzo<\/strong>, una ca\u00edda sostenida que coloca a nuestro pa\u00eds por encima de Jap\u00f3n, Corea, Alemania y Estados Unidos en lo que respecta a oportunidades de trabajo. Eso es lo que pasa cuando se gobierna <strong>con visi\u00f3n social y con la mirada puesta en el bienestar del pueblo<\/strong>.<\/p>\n\n\n\n<h4 class=\"wp-block-heading\"><strong>El IMSS confirma: el mejor marzo del que se tenga registro<\/strong><\/h4>\n\n\n\n<p>Los datos del <strong>Instituto Mexicano del Seguro Social<\/strong> lo respaldan con claridad: al 31 de marzo se registraron <strong>22,724,680 puestos de trabajo formales<\/strong>, <strong>la cifra m\u00e1s alta para un mes de marzo en la historia de M\u00e9xico<\/strong>. En lo que va del a\u00f1o se han creado <strong>207,604 nuevos empleos formales<\/strong>, y de ese total, el <strong>86.9% son puestos permanentes<\/strong>, es decir, <strong>trabajos estables que dan certeza a las familias mexicanas<\/strong>.<\/p>\n\n\n\n<h4 class=\"wp-block-heading\"><strong>Mejores salarios, menos pobreza, m\u00e1s bienestar<\/strong><\/h4>\n\n\n\n<p>Pero no se trata solo de cantidad: <strong>la calidad del empleo tambi\u00e9n est\u00e1 mejorando<\/strong>. El <strong>salario base de cotizaci\u00f3n<\/strong> subi\u00f3 a <strong>$663.5 pesos diarios<\/strong>, <strong>7.1% m\u00e1s que hace un a\u00f1o<\/strong>, un aumento real que <strong>le gana a la inflaci\u00f3n<\/strong>. Y la <strong>pobreza laboral <\/strong>cay\u00f3 a <strong>32.3%<\/strong>, su nivel m\u00e1s bajo desde que se tiene registro: cada vez m\u00e1s familias mexicanas <strong>tienen ingresos suficientes para cubrir lo esencial<\/strong>.<\/p>\n\n\n\n<h4 class=\"wp-block-heading\"><strong>El balance del pueblo de M\u00e9xico<\/strong><\/h4>\n\n\n\n<p>Desde <strong>2019<\/strong>, a\u00f1o en que la <strong>Cuarta Transformaci\u00f3n<\/strong> comenz\u00f3 a transformar al pa\u00eds, <strong>se han creado 6.9 millones de empleos<\/strong>, de los cuales <strong>4 millones son formales<\/strong>. M\u00e1s trabajo, mejores sueldos y menos pobreza: nuestra presidenta lo dijo con claridad y los datos lo confirman. Mientras siga la <strong>4T<\/strong>, las familias mexicanas pueden estar tranquilas: <strong>el pueblo trabaja, el pueblo gana y el pueblo avanza<\/strong><\/p>\n","protected":false},"excerpt":{"rendered":"<p>Nuestra presidenta Claudia Sheinbaum dio hoy una buena noticia para las familias mexicanas: a marzo de 2026, M\u00e9xico registr\u00f3 60.2 millones de personas ocupadas, 422&hellip;<\/p>\n","protected":false},"author":5,"featured_media":1496,"comment_status":"open","ping_status":"open","sticky":false,"template":"","format":"standard","meta":{"footnotes":""},"categories":[251],"tags":[13,45,18,288],"class_list":["post-1495","post","type-post","status-publish","format-standard","has-post-thumbnail","hentry","category-la-mananera-en-breve","tag-claudia-sheinbaum","tag-mexico","tag-morena","tag-sheinbaum"],"_links":{"self":[{"href":"https:\/\/eldiariorepublicamx.com\/index.php?rest_route=\/wp\/v2\/posts\/1495","targetHints":{"allow":["GET"]}}],"collection":[{"href":"https:\/\/eldiariorepublicamx.com\/index.php?rest_route=\/wp\/v2\/posts"}],"about":[{"href":"https:\/\/eldiariorepublicamx.com\/index.php?rest_route=\/wp\/v2\/types\/post"}],"author":[{"embeddable":true,"href":"https:\/\/eldiariorepublicamx.com\/index.php?rest_route=\/wp\/v2\/users\/5"}],"replies":[{"embeddable":true,"href":"https:\/\/eldiariorepublicamx.com\/index.php?rest_route=%2Fwp%2Fv2%2Fcomments&post=1495"}],"version-history":[{"count":1,"href":"https:\/\/eldiariorepublicamx.com\/index.php?rest_route=\/wp\/v2\/posts\/1495\/revisions"}],"predecessor-version":[{"id":1497,"href":"https:\/\/eldiariorepublicamx.com\/index.php?rest_route=\/wp\/v2\/posts\/1495\/revisions\/1497"}],"wp:featuredmedia":[{"embeddable":true,"href":"https:\/\/eldiariorepublicamx.com\/index.php?rest_route=\/wp\/v2\/media\/1496"}],"wp:attachment":[{"href":"https:\/\/eldiariorepublicamx.com\/index.php?rest_route=%2Fwp%2Fv2%2Fmedia&parent=1495"}],"wp:term":[{"taxonomy":"category","embeddable":true,"href":"https:\/\/eldiariorepublicamx.com\/index.php?rest_route=%2Fwp%2Fv2%2Fcategories&post=1495"},{"taxonomy":"post_tag","embeddable":true,"href":"https:\/\/eldiariorepublicamx.com\/index.php?rest_route=%2Fwp%2Fv2%2Ftags&post=1495"}],"curies":[{"name":"wp","href":"https:\/\/api.w.org\/{rel}","templated":true}]}}