{"id":1493,"date":"2026-04-28T12:29:41","date_gmt":"2026-04-28T18:29:41","guid":{"rendered":"https:\/\/eldiariorepublicamx.com\/?p=1493"},"modified":"2026-04-28T12:29:41","modified_gmt":"2026-04-28T18:29:41","slug":"ante-nota-diplomatica-por-operativo-de-eu-en-chihuahua-sheinbaum-informa-que-ya-respondieron-respetando-la-ley-mexicana","status":"publish","type":"post","link":"https:\/\/eldiariorepublicamx.com\/?p=1493","title":{"rendered":"Ante nota diplom\u00e1tica por operativo de EU en Chihuahua, Sheinbaum informa que ya respondieron respetando la ley mexicana"},"content":{"rendered":"<p>La presidenta Claudia Sheinbaum inform\u00f3 durante su conferencia matutina que el gobierno de Estados Unidos ya respondi\u00f3 a la nota diplom\u00e1tica enviada por M\u00e9xico luego de que agentes estadounidenses participaran en un operativo en Chihuahua, comprometi\u00e9ndose a respetar la ley y la Constituci\u00f3n mexicanas.<\/p>\n<h3>Respuesta estadounidense sobre el incidente<\/h3>\n<p>Sheinbaum detall\u00f3 que las autoridades estadounidenses est\u00e1n proporcionando informaci\u00f3n sobre el caso. En respuesta a una pregunta sobre si ya hab\u00eda una contestaci\u00f3n formal, la mandataria federal cit\u00f3 textualmente la nota diplom\u00e1tica de respuesta: &#8220;Est\u00e1n dando la informaci\u00f3n y tambi\u00e9n en la nota de respuesta nos dicen claramente que ellos quieren respetar la ley y la Constituci\u00f3n de M\u00e9xico, as\u00ed viene la nota diplom\u00e1tica&#8221;.<\/p>\n<h3>Acci\u00f3n previa del gobierno mexicano<\/h3>\n<p>La jefa del Ejecutivo record\u00f3 que, ante los hechos ocurridos, el gobierno federal mexicano hab\u00eda enviado una nota diplom\u00e1tica a la Embajada de Estados Unidos solicitando explicaciones. Sheinbaum enfatiz\u00f3 que el gobierno no estaba informado sobre la participaci\u00f3n de agentes extranjeros en territorio nacional y que tales acciones no deben repetirse.<\/p>\n<p>&#8220;Nosotros hicimos una nota diplom\u00e1tica a la Embajada de Estados Unidos pidiendo explicaci\u00f3n sobre este caso y diciendo que el Gobierno federal no estaba informado y tambi\u00e9n diciendo que esto no puede ocurrir. Claro que hicimos la nota diplom\u00e1tica, pero el tema aqu\u00ed es la violaci\u00f3n a una ley por parte de una autoridad nacional&#8221;, expres\u00f3 la presidenta, subrayando la importancia del respeto a la soberan\u00eda y el marco legal del pa\u00eds.<\/p>\n","protected":false},"excerpt":{"rendered":"<p>La presidenta Claudia Sheinbaum inform\u00f3 durante su conferencia matutina que el gobierno de Estados Unidos ya respondi\u00f3 a la nota diplom\u00e1tica enviada por M\u00e9xico luego&hellip;<\/p>\n","protected":false},"author":2,"featured_media":1494,"comment_status":"open","ping_status":"open","sticky":false,"template":"","format":"standard","meta":{"footnotes":""},"categories":[251],"tags":[1091,989,13,205,1231,46],"class_list":["post-1493","post","type-post","status-publish","format-standard","has-post-thumbnail","hentry","category-la-mananera-en-breve","tag-agentes","tag-chihuahua","tag-claudia-sheinbaum","tag-estados-unidos","tag-nota-diplomatica","tag-operativo"],"_links":{"self":[{"href":"https:\/\/eldiariorepublicamx.com\/index.php?rest_route=\/wp\/v2\/posts\/1493","targetHints":{"allow":["GET"]}}],"collection":[{"href":"https:\/\/eldiariorepublicamx.com\/index.php?rest_route=\/wp\/v2\/posts"}],"about":[{"href":"https:\/\/eldiariorepublicamx.com\/index.php?rest_route=\/wp\/v2\/types\/post"}],"author":[{"embeddable":true,"href":"https:\/\/eldiariorepublicamx.com\/index.php?rest_route=\/wp\/v2\/users\/2"}],"replies":[{"embeddable":true,"href":"https:\/\/eldiariorepublicamx.com\/index.php?rest_route=%2Fwp%2Fv2%2Fcomments&post=1493"}],"version-history":[{"count":0,"href":"https:\/\/eldiariorepublicamx.com\/index.php?rest_route=\/wp\/v2\/posts\/1493\/revisions"}],"wp:featuredmedia":[{"embeddable":true,"href":"https:\/\/eldiariorepublicamx.com\/index.php?rest_route=\/wp\/v2\/media\/1494"}],"wp:attachment":[{"href":"https:\/\/eldiariorepublicamx.com\/index.php?rest_route=%2Fwp%2Fv2%2Fmedia&parent=1493"}],"wp:term":[{"taxonomy":"category","embeddable":true,"href":"https:\/\/eldiariorepublicamx.com\/index.php?rest_route=%2Fwp%2Fv2%2Fcategories&post=1493"},{"taxonomy":"post_tag","embeddable":true,"href":"https:\/\/eldiariorepublicamx.com\/index.php?rest_route=%2Fwp%2Fv2%2Ftags&post=1493"}],"curies":[{"name":"wp","href":"https:\/\/api.w.org\/{rel}","templated":true}]}}