{"id":1491,"date":"2026-04-28T12:29:39","date_gmt":"2026-04-28T18:29:39","guid":{"rendered":"https:\/\/eldiariorepublicamx.com\/?p=1491"},"modified":"2026-04-28T12:29:39","modified_gmt":"2026-04-28T18:29:39","slug":"en-la-mananera-claudia-sheinbaum-expone-que-la-extradicion-del-contraalmirante-farias-laguna-es-un-tema-de-justicia-y-no-de-politica","status":"publish","type":"post","link":"https:\/\/eldiariorepublicamx.com\/?p=1491","title":{"rendered":"En la ma\u00f1anera, Claudia Sheinbaum expone que la extradici\u00f3n del contraalmirante Farias Laguna es un tema de justicia y no de pol\u00edtica"},"content":{"rendered":"<p>Durante la conferencia matutina en Palacio Nacional, la presidenta Claudia Sheinbaum se refiri\u00f3 al caso del contraalmirante Fernando Far\u00edas Laguna, detenido en Argentina, expresando su confianza en que el proceso no derive en un conflicto pol\u00edtico con el gobierno de ese pa\u00eds. La mandataria se\u00f1al\u00f3 que la Fiscal\u00eda General de la Rep\u00fablica (FGR) est\u00e1 analizando la v\u00eda de extradici\u00f3n o deportaci\u00f3n del implicado en una red de huachicol fiscal.<\/p>\n<h3>Colaboraci\u00f3n en materia de justicia<\/h3>\n<p>Sheinbaum Pardo enfatiz\u00f3 que se trata de una persona con una orden de aprehensi\u00f3n y que su situaci\u00f3n debe resolverse en el marco de la colaboraci\u00f3n internacional en justicia y seguridad. Sobre una posible instrumentalizaci\u00f3n pol\u00edtica del caso por parte del gobierno argentino de Javier Milei, la presidenta respondi\u00f3: &#8220;Bueno, no s\u00e9, ya que vea la Fiscal\u00eda. La Fiscal\u00eda es quien lleva el caso&#8221;.<\/p>\n<blockquote><p>&#8220;Espero que no&#8221;, declar\u00f3 Sheinbaum Pardo al ser cuestionada sobre si el tema podr\u00eda convertirse en un asunto pol\u00edtico entre ambos gobiernos.<\/p><\/blockquote>\n<p>Agreg\u00f3 que, al no haber sido informada sobre los avances en el Gabinete de Seguridad, consultar\u00eda a la FGR o a la Secretar\u00eda de Relaciones Exteriores para conocer el estado del procedimiento.<\/p>\n<h3>El caso est\u00e1 en manos de la FGR<\/h3>\n<p>La titular del Ejecutivo Federal precis\u00f3 que el caso del excontraalmirante es competencia de la Fiscal\u00eda General de la Rep\u00fablica, encabezada por Ernestina Godoy. Far\u00edas Laguna fue detenido el pasado jueves en Buenos Aires, Argentina, por ingresar con un pasaporte falso, lo que abre la posibilidad de su deportaci\u00f3n. Sheinbaum reiter\u00f3 que la determinaci\u00f3n final sobre la extradici\u00f3n corresponde a la FGR.<\/p>\n","protected":false},"excerpt":{"rendered":"<p>Durante la conferencia matutina en Palacio Nacional, la presidenta Claudia Sheinbaum se refiri\u00f3 al caso del contraalmirante Fernando Far\u00edas Laguna, detenido en Argentina, expresando su&hellip;<\/p>\n","protected":false},"author":2,"featured_media":1492,"comment_status":"open","ping_status":"open","sticky":false,"template":"","format":"standard","meta":{"footnotes":""},"categories":[251],"tags":[771,13,1229,1230,203],"class_list":["post-1491","post","type-post","status-publish","format-standard","has-post-thumbnail","hentry","category-la-mananera-en-breve","tag-argentina","tag-claudia-sheinbaum","tag-extradicion","tag-fernando-farias-laguna","tag-fgr"],"_links":{"self":[{"href":"https:\/\/eldiariorepublicamx.com\/index.php?rest_route=\/wp\/v2\/posts\/1491","targetHints":{"allow":["GET"]}}],"collection":[{"href":"https:\/\/eldiariorepublicamx.com\/index.php?rest_route=\/wp\/v2\/posts"}],"about":[{"href":"https:\/\/eldiariorepublicamx.com\/index.php?rest_route=\/wp\/v2\/types\/post"}],"author":[{"embeddable":true,"href":"https:\/\/eldiariorepublicamx.com\/index.php?rest_route=\/wp\/v2\/users\/2"}],"replies":[{"embeddable":true,"href":"https:\/\/eldiariorepublicamx.com\/index.php?rest_route=%2Fwp%2Fv2%2Fcomments&post=1491"}],"version-history":[{"count":0,"href":"https:\/\/eldiariorepublicamx.com\/index.php?rest_route=\/wp\/v2\/posts\/1491\/revisions"}],"wp:featuredmedia":[{"embeddable":true,"href":"https:\/\/eldiariorepublicamx.com\/index.php?rest_route=\/wp\/v2\/media\/1492"}],"wp:attachment":[{"href":"https:\/\/eldiariorepublicamx.com\/index.php?rest_route=%2Fwp%2Fv2%2Fmedia&parent=1491"}],"wp:term":[{"taxonomy":"category","embeddable":true,"href":"https:\/\/eldiariorepublicamx.com\/index.php?rest_route=%2Fwp%2Fv2%2Fcategories&post=1491"},{"taxonomy":"post_tag","embeddable":true,"href":"https:\/\/eldiariorepublicamx.com\/index.php?rest_route=%2Fwp%2Fv2%2Ftags&post=1491"}],"curies":[{"name":"wp","href":"https:\/\/api.w.org\/{rel}","templated":true}]}}