{"id":1488,"date":"2026-04-28T12:29:34","date_gmt":"2026-04-28T18:29:34","guid":{"rendered":"https:\/\/eldiariorepublicamx.com\/?p=1488"},"modified":"2026-04-28T12:29:34","modified_gmt":"2026-04-28T18:29:34","slug":"vasco-aguirre-anuncia-convocados-de-liga-mx-para-el-mundial-2026","status":"publish","type":"post","link":"https:\/\/eldiariorepublicamx.com\/?p=1488","title":{"rendered":"Vasco Aguirre anuncia convocados de Liga MX para el Mundial 2026"},"content":{"rendered":"<p>El director t\u00e9cnico de la Selecci\u00f3n Mexicana, Javier &#8216;Vasco&#8217; Aguirre, revel\u00f3 este lunes su primera lista de jugadores convocados para la preparaci\u00f3n de la Copa Mundial 2026, integrada exclusivamente por futbolistas que act\u00faan en la Liga MX. La concentraci\u00f3n de este grupo iniciar\u00e1 el pr\u00f3ximo 6 de mayo.<\/p>\n<h3>Acuerdo con los clubes<\/h3>\n<p>El entrenador pact\u00f3 con los due\u00f1os de los equipos de Primera Divisi\u00f3n que la Liguilla del Clausura 2026 se disputar\u00eda sin seleccionados nacionales, para enfocarse en la preparaci\u00f3n del Mundial. A cambio, los propietarios aceptaron que solo se convocara a futbolistas con altas probabilidades de ir al torneo global, evitando as\u00ed el llamado &#8216;manoseo&#8217; de jugadores.<\/p>\n<p>Los convocados no podr\u00e1n participar en la fase final del torneo local y solo podr\u00e1n jugar el partido de ida de las semifinales de la Concacaf Champions Cup, en el caso de los elementos del Toluca.<\/p>\n<h3>Lista de convocados y sparrings<\/h3>\n<p>Javier Aguirre convoc\u00f3 a 12 jugadores de la Liga MX, adem\u00e1s de un grupo de sparrings proveniente de equipos que no clasificaron a la liguilla. A estos \u00faltimos se les aclar\u00f3 que sus opciones de asistir al Mundial 2026 son m\u00ednimas, y su llamado responde a un plan futuro con Rafael M\u00e1rquez, quien dirigir\u00e1 al Tri despu\u00e9s de la justa mundialista.<\/p>\n<p>La n\u00f3mina principal incluye a los delanteros Guillermo Mart\u00ednez y Armando Gonz\u00e1lez, as\u00ed como a los porteros Ra\u00fal Rangel y Carlos Acevedo, entre otros.<\/p>\n<p>Los elegidos tendr\u00e1n una semana de vacaciones antes de integrarse el 6 de mayo al Centro de Alto Rendimiento de la Selecci\u00f3n Mexicana.<\/p>\n<h3>Pr\u00f3ximos pasos y lista final<\/h3>\n<p>El &#8216;Vasco&#8217; Aguirre tiene planeado entregar la lista definitiva de 26 futbolistas para el Mundial el 1 de junio, a 10 d\u00edas del debut en el certamen que se jugar\u00e1 en M\u00e9xico, Estados Unidos y Canad\u00e1. Para esa fecha ya se considerar\u00e1 a los mexicanos que juegan en el extranjero, despu\u00e9s de los compromisos ante Ghana y Australia.<\/p>\n<p>Respecto al portero Guillermo &#8216;Memo&#8217; Ochoa, quien milita en el AEL Limassol y no ha sido considerado en partidos recientes, se espera que su nombre aparezca cuando se complete la convocatoria con los elementos del exterior. En este primer llamado solo se incluyeron dos arqueros en la lista principal y \u00d3scar Garc\u00eda como sparring.<\/p>\n","protected":false},"excerpt":{"rendered":"<p>El director t\u00e9cnico de la Selecci\u00f3n Mexicana, Javier &#8216;Vasco&#8217; Aguirre, revel\u00f3 este lunes su primera lista de jugadores convocados para la preparaci\u00f3n de la Copa&hellip;<\/p>\n","protected":false},"author":2,"featured_media":0,"comment_status":"open","ping_status":"open","sticky":false,"template":"","format":"standard","meta":{"footnotes":""},"categories":[291],"tags":[571,494,338,120,376],"class_list":["post-1488","post","type-post","status-publish","format-standard","hentry","category-deportes","tag-convocatoria","tag-javier-aguirre","tag-liga-mx","tag-mundial-2026","tag-seleccion-mexicana"],"_links":{"self":[{"href":"https:\/\/eldiariorepublicamx.com\/index.php?rest_route=\/wp\/v2\/posts\/1488","targetHints":{"allow":["GET"]}}],"collection":[{"href":"https:\/\/eldiariorepublicamx.com\/index.php?rest_route=\/wp\/v2\/posts"}],"about":[{"href":"https:\/\/eldiariorepublicamx.com\/index.php?rest_route=\/wp\/v2\/types\/post"}],"author":[{"embeddable":true,"href":"https:\/\/eldiariorepublicamx.com\/index.php?rest_route=\/wp\/v2\/users\/2"}],"replies":[{"embeddable":true,"href":"https:\/\/eldiariorepublicamx.com\/index.php?rest_route=%2Fwp%2Fv2%2Fcomments&post=1488"}],"version-history":[{"count":0,"href":"https:\/\/eldiariorepublicamx.com\/index.php?rest_route=\/wp\/v2\/posts\/1488\/revisions"}],"wp:attachment":[{"href":"https:\/\/eldiariorepublicamx.com\/index.php?rest_route=%2Fwp%2Fv2%2Fmedia&parent=1488"}],"wp:term":[{"taxonomy":"category","embeddable":true,"href":"https:\/\/eldiariorepublicamx.com\/index.php?rest_route=%2Fwp%2Fv2%2Fcategories&post=1488"},{"taxonomy":"post_tag","embeddable":true,"href":"https:\/\/eldiariorepublicamx.com\/index.php?rest_route=%2Fwp%2Fv2%2Ftags&post=1488"}],"curies":[{"name":"wp","href":"https:\/\/api.w.org\/{rel}","templated":true}]}}