{"id":1486,"date":"2026-04-28T12:29:34","date_gmt":"2026-04-28T18:29:34","guid":{"rendered":"https:\/\/eldiariorepublicamx.com\/?p=1486"},"modified":"2026-04-28T12:29:34","modified_gmt":"2026-04-28T18:29:34","slug":"sheinbaum-revela-ampliacion-de-personal-medico-y-critica-rezago-de-gobiernos-anteriores","status":"publish","type":"post","link":"https:\/\/eldiariorepublicamx.com\/?p=1486","title":{"rendered":"Sheinbaum revela ampliaci\u00f3n de personal m\u00e9dico y critica rezago de gobiernos anteriores"},"content":{"rendered":"<p>La presidenta Claudia Sheinbaum anunci\u00f3 que su gobierno tiene como meta incrementar significativamente el n\u00famero de m\u00e9dicos, enfermeras y centros de salud, al mismo tiempo que critic\u00f3 las administraciones previas por no haber aumentado la plantilla de especialistas en el sector p\u00fablico. Durante una conferencia en Palacio Nacional, la mandataria destac\u00f3 el compromiso de construir el mejor sistema de salud p\u00fablica a nivel mundial y el avance del Servicio Universal de Salud.<\/p>\n<h3>Expansi\u00f3n del sistema de salud<\/h3>\n<p>Sheinbaum detall\u00f3 que el objetivo es continuar creciendo en infraestructura y recursos humanos. \u201cEntonces, nuestro objetivo es seguir creciendo. M\u00e1s m\u00e9dicos, m\u00e1s enfermeras, m\u00e1s centros de salud, m\u00e1s hospitales, y, muy importante, la salud preventiva. Por eso es el salud casa por casa, por eso la semana nacional de vacunaci\u00f3n, que, por cierto, se queda todo mal, equipo de todos los las instituciones. La semana nacional salen las enfermeras y enfermeros principalmente a vacunar fuera de los centros de salud. De todas maneras, en todo mayo vamos a seguir vacunando en centros de salud y en hospitales\u201d, indic\u00f3.<\/p>\n<p>La titular del Ejecutivo Federal tambi\u00e9n se\u00f1al\u00f3 que, desde el cambio de gobierno en 2018, en siete a\u00f1os se ha incrementado el n\u00famero de camas en hospitales p\u00fablicos, con la meta de llegar a 12 mil camas en un periodo de 12 a\u00f1os.<\/p>\n<h3>Cr\u00edticas a pol\u00edticas neoliberales<\/h3>\n<p>La presidenta critic\u00f3 duramente el desempe\u00f1o de las administraciones pasadas, espec\u00edficamente las de Vicente Fox y Enrique Pe\u00f1a Nieto, por no haber impulsado el aumento de m\u00e9dicos especialistas. \u201cDesde Fox hasta Pe\u00f1a Nieto. Bueno, n\u00famero de plazas nuevas. Entre el 2011 claro, no se constru\u00edan hospitales, pues tampoco hab\u00eda plazas, pero adem\u00e1s hab\u00eda una idea de que mientras m\u00e1s restrictivo era el ingreso a las residencias, a las especialidades, va a ser m\u00e1s excelente el doctor, cuando lo que estaban provocando es que no hubiera m\u00e9dicos especialistas para atender a las y a los mexicanos\u201d, dijo.<\/p>\n<p>Enfatiz\u00f3 que, durante el periodo que calific\u00f3 como neoliberal, se incorporaban anualmente \u00fanicamente 8 mil 124 m\u00e9dicas y m\u00e9dicos.<\/p>\n<h3>Contraste con la transformaci\u00f3n actual<\/h3>\n<p>Sheinbaum present\u00f3 cifras que, seg\u00fan ella, muestran el cambio de rumbo. \u201cMiren nada m\u00e1s la diferencia. 2021 se alcanzaron 18 mil 962, que es lo mismo que en 2026. Porque nosotros creemos en algo que se llama derecho a la salud. Lo otro era obligar a la privatizaci\u00f3n\u201d, asegur\u00f3. Agreg\u00f3 que la l\u00f3gica anterior buscaba la privatizaci\u00f3n: \u201cSi no hab\u00eda salud p\u00fablica, pues te orientabas a la salud privada, adem\u00e1s de que privatizaron muchos servicios dentro de los sistemas de salud p\u00fablicos\u201d.<\/p>\n","protected":false},"excerpt":{"rendered":"<p>La presidenta Claudia Sheinbaum anunci\u00f3 que su gobierno tiene como meta incrementar significativamente el n\u00famero de m\u00e9dicos, enfermeras y centros de salud, al mismo tiempo&hellip;<\/p>\n","protected":false},"author":2,"featured_media":1487,"comment_status":"open","ping_status":"open","sticky":false,"template":"","format":"standard","meta":{"footnotes":""},"categories":[252,290],"tags":[13,1227,17,757,1228],"class_list":["post-1486","post","type-post","status-publish","format-standard","has-post-thumbnail","hentry","category-agenda-nacional","category-sociedad-y-cultura","tag-claudia-sheinbaum","tag-medicos","tag-palacio-nacional","tag-salud-publica","tag-sistema-de-salud"],"_links":{"self":[{"href":"https:\/\/eldiariorepublicamx.com\/index.php?rest_route=\/wp\/v2\/posts\/1486","targetHints":{"allow":["GET"]}}],"collection":[{"href":"https:\/\/eldiariorepublicamx.com\/index.php?rest_route=\/wp\/v2\/posts"}],"about":[{"href":"https:\/\/eldiariorepublicamx.com\/index.php?rest_route=\/wp\/v2\/types\/post"}],"author":[{"embeddable":true,"href":"https:\/\/eldiariorepublicamx.com\/index.php?rest_route=\/wp\/v2\/users\/2"}],"replies":[{"embeddable":true,"href":"https:\/\/eldiariorepublicamx.com\/index.php?rest_route=%2Fwp%2Fv2%2Fcomments&post=1486"}],"version-history":[{"count":0,"href":"https:\/\/eldiariorepublicamx.com\/index.php?rest_route=\/wp\/v2\/posts\/1486\/revisions"}],"wp:featuredmedia":[{"embeddable":true,"href":"https:\/\/eldiariorepublicamx.com\/index.php?rest_route=\/wp\/v2\/media\/1487"}],"wp:attachment":[{"href":"https:\/\/eldiariorepublicamx.com\/index.php?rest_route=%2Fwp%2Fv2%2Fmedia&parent=1486"}],"wp:term":[{"taxonomy":"category","embeddable":true,"href":"https:\/\/eldiariorepublicamx.com\/index.php?rest_route=%2Fwp%2Fv2%2Fcategories&post=1486"},{"taxonomy":"post_tag","embeddable":true,"href":"https:\/\/eldiariorepublicamx.com\/index.php?rest_route=%2Fwp%2Fv2%2Ftags&post=1486"}],"curies":[{"name":"wp","href":"https:\/\/api.w.org\/{rel}","templated":true}]}}