{"id":1484,"date":"2026-04-28T10:26:58","date_gmt":"2026-04-28T16:26:58","guid":{"rendered":"https:\/\/eldiariorepublicamx.com\/?p=1484"},"modified":"2026-04-28T10:26:58","modified_gmt":"2026-04-28T16:26:58","slug":"presidenta-sheinbaum-impone-regulaciones-para-uso-transparente-de-embajadas-mexicanas-tras-caso-de-marcelo-ebrard","status":"publish","type":"post","link":"https:\/\/eldiariorepublicamx.com\/?p=1484","title":{"rendered":"Presidenta Sheinbaum impone regulaciones para uso transparente de embajadas mexicanas tras caso de Marcelo Ebrard"},"content":{"rendered":"<p>La presidenta Claudia Sheinbaum anunci\u00f3 la creaci\u00f3n de lineamientos espec\u00edficos para regular el uso de las embajadas y consulados de M\u00e9xico, luego de la revelaci\u00f3n de que el hijo del secretario de Econom\u00eda permaneci\u00f3 en la legaci\u00f3n diplom\u00e1tica en Reino Unido durante seis meses.<\/p>\n<h3>Vac\u00edo normativo reconocido<\/h3>\n<p>La mandataria admiti\u00f3 que actualmente no hay una regulaci\u00f3n precisa sobre este tipo de situaciones, lo que obliga a definir con claridad qu\u00e9 est\u00e1 permitido y bajo qu\u00e9 condiciones pueden usarse las instalaciones diplom\u00e1ticas. Esto ocurre tras conocerse que Marcelo Patrick Ebrard Ramos, hijo del funcionario Marcelo Ebrard, residi\u00f3 en la embajada mexicana en el Reino Unido entre 2021 y 2022.<\/p>\n<h3>Instrucciones a la SRE<\/h3>\n<p>Sheinbaum instruy\u00f3 al titular de la Secretar\u00eda de Relaciones Exteriores, Roberto Velasco \u00c1lvarez, a coordinar esfuerzos con el Comit\u00e9 de \u00c9tica y Disciplina del Servicio Exterior Mexicano para actualizar las normas y evitar ambig\u00fcedades. Subray\u00f3 que estas nuevas disposiciones deber\u00e1n aplicarse tanto a embajadores como a funcionarios de alto nivel, incluyendo secretarios de Estado, con el objetivo de garantizar un uso institucional y transparente de los espacios diplom\u00e1ticos.<\/p>\n<h3>Origen de la investigaci\u00f3n<\/h3>\n<p>Sobre el caso espec\u00edfico que deton\u00f3 la medida, la presidenta explic\u00f3 que la investigaci\u00f3n en curso no fue iniciada por el gobierno federal, sino que deriv\u00f3 de una queja presentada por particulares ante la Secretar\u00eda Anticorrupci\u00f3n y Buen Gobierno, lo que, conforme a la ley, activa autom\u00e1ticamente un proceso de revisi\u00f3n.<\/p>\n<h3>Apoyo y transparencia<\/h3>\n<p>Al mismo tiempo, expres\u00f3 respaldo al desempe\u00f1o de Marcelo Ebrard, aunque reiter\u00f3 que ser\u00e1 la instancia correspondiente la encargada de determinar si existi\u00f3 o no alguna irregularidad en el uso de la sede diplom\u00e1tica. El caso ha abierto un debate sobre los l\u00edmites y responsabilidades en el manejo de bienes p\u00fablicos en el extranjero, y anticipa ajustes normativos para reforzar la transparencia en el servicio exterior mexicano.<\/p>\n","protected":false},"excerpt":{"rendered":"<p>La presidenta Claudia Sheinbaum anunci\u00f3 la creaci\u00f3n de lineamientos espec\u00edficos para regular el uso de las embajadas y consulados de M\u00e9xico, luego de la revelaci\u00f3n&hellip;<\/p>\n","protected":false},"author":2,"featured_media":1485,"comment_status":"open","ping_status":"open","sticky":false,"template":"","format":"standard","meta":{"footnotes":""},"categories":[252],"tags":[13,1225,441,1226,99,200],"class_list":["post-1484","post","type-post","status-publish","format-standard","has-post-thumbnail","hentry","category-agenda-nacional","tag-claudia-sheinbaum","tag-embajadas","tag-marcelo-ebrard","tag-regulacion","tag-sre","tag-transparencia"],"_links":{"self":[{"href":"https:\/\/eldiariorepublicamx.com\/index.php?rest_route=\/wp\/v2\/posts\/1484","targetHints":{"allow":["GET"]}}],"collection":[{"href":"https:\/\/eldiariorepublicamx.com\/index.php?rest_route=\/wp\/v2\/posts"}],"about":[{"href":"https:\/\/eldiariorepublicamx.com\/index.php?rest_route=\/wp\/v2\/types\/post"}],"author":[{"embeddable":true,"href":"https:\/\/eldiariorepublicamx.com\/index.php?rest_route=\/wp\/v2\/users\/2"}],"replies":[{"embeddable":true,"href":"https:\/\/eldiariorepublicamx.com\/index.php?rest_route=%2Fwp%2Fv2%2Fcomments&post=1484"}],"version-history":[{"count":0,"href":"https:\/\/eldiariorepublicamx.com\/index.php?rest_route=\/wp\/v2\/posts\/1484\/revisions"}],"wp:featuredmedia":[{"embeddable":true,"href":"https:\/\/eldiariorepublicamx.com\/index.php?rest_route=\/wp\/v2\/media\/1485"}],"wp:attachment":[{"href":"https:\/\/eldiariorepublicamx.com\/index.php?rest_route=%2Fwp%2Fv2%2Fmedia&parent=1484"}],"wp:term":[{"taxonomy":"category","embeddable":true,"href":"https:\/\/eldiariorepublicamx.com\/index.php?rest_route=%2Fwp%2Fv2%2Fcategories&post=1484"},{"taxonomy":"post_tag","embeddable":true,"href":"https:\/\/eldiariorepublicamx.com\/index.php?rest_route=%2Fwp%2Fv2%2Ftags&post=1484"}],"curies":[{"name":"wp","href":"https:\/\/api.w.org\/{rel}","templated":true}]}}