{"id":1474,"date":"2026-04-28T10:26:34","date_gmt":"2026-04-28T16:26:34","guid":{"rendered":"https:\/\/eldiariorepublicamx.com\/?p=1474"},"modified":"2026-04-28T10:26:34","modified_gmt":"2026-04-28T16:26:34","slug":"actores-claudia-martin-y-carlos-said-muestran-avances-de-su-bebe-maximo-en-redes-sociales","status":"publish","type":"post","link":"https:\/\/eldiariorepublicamx.com\/?p=1474","title":{"rendered":"Actores Claudia Mart\u00edn y Carlos Said muestran avances de su beb\u00e9 M\u00e1ximo en redes sociales"},"content":{"rendered":"<p>Los actores mexicanos Claudia Mart\u00edn y Carlos Said han compartido una nueva imagen de su hijo M\u00e1ximo, de casi cuatro meses, a trav\u00e9s de Instagram, generando reacciones de ternura entre sus seguidores.<\/p>\n<h3>Publicaci\u00f3n familiar en redes<\/h3>\n<p>Carlos Said fue el primero en publicar una fotograf\u00eda donde se le ve cargando al peque\u00f1o en lo que parece ser un elevador, bes\u00e1ndolo en el rostro. El actor acompa\u00f1\u00f3 la imagen con un mensaje cari\u00f1oso: \u201cMi Rey, \u00a1\u00a1nada m\u00e1s hermoso que comerte a besos!! Mi M\u00e1ximo\u201d.<\/p>\n<p>En la imagen, el beb\u00e9 luce un body azul con rayas blancas y se nota que ha crecido considerablemente desde sus \u00faltimas apariciones p\u00fablicas, aunque su rostro no es completamente visible.<\/p>\n<h3>Reacci\u00f3n de la madre<\/h3>\n<p>Claudia Mart\u00edn r\u00e1pidamente comparti\u00f3 la publicaci\u00f3n de su esposo en su propia cuenta de Instagram, expresando su emoci\u00f3n con las palabras \u201cMi familia\u201d y un emoji de una carita sollozante.<\/p>\n<p>La pareja, que se cas\u00f3 en el verano de 2025 y recibi\u00f3 a su hijo a finales de ese a\u00f1o, ha estado mostrando fragmentos de su vida como padres primerizos en las plataformas digitales.<\/p>\n<h3>Experiencias y confesiones sobre la maternidad<\/h3>\n<p>En febrero, Claudia Mart\u00edn se abri\u00f3 sobre su experiencia inicial en la maternidad, compartiendo fotos del antes y despu\u00e9s del nacimiento y hablando sobre temas como la lactancia. \u201cSiempre hab\u00eda so\u00f1ado con dar lactancia materna exclusiva&#8230; pero no se dio y EST\u00c1 BIEN Trato de no juzgarme por eso\u201d, confes\u00f3 la actriz.<\/p>\n<p>Tambi\u00e9n coment\u00f3 sobre la adaptaci\u00f3n a su nueva vida: \u201cAprend\u00ed a ser m\u00e1s multitask que nunca puedo extraerme leche, cargar a mi beb\u00e9 y desayunar al mismo tiempo\u201d y agreg\u00f3 que \u201ctodos los d\u00edas aprendemos juntos a vivir nuestra nueva vida como mam\u00e1 e hijo\u201d.<\/p>\n<h3>Apoyo y vida en pareja<\/h3>\n<p>Carlos Said ha manifestado p\u00fablicamente su apoyo y admiraci\u00f3n hacia Claudia como madre. En una de sus publicaciones, el actor escribi\u00f3: \u201cDiarios de la mam\u00e1 m\u00e1s hermosa del mundo, te amo mi REINA, tan orgulloso siempre de ti todos los d\u00edas me sorprendes con tu bondad y tu forma tan \u00fanica de ser\u201d.<\/p>\n<p>Recientemente, la familia disfrut\u00f3 de sus primeras vacaciones como padres en Punta Mita, Nayarit, donde compartieron im\u00e1genes del viaje y de su vida en pareja en esta nueva etapa.<\/p>\n","protected":false},"excerpt":{"rendered":"<p>Los actores mexicanos Claudia Mart\u00edn y Carlos Said han compartido una nueva imagen de su hijo M\u00e1ximo, de casi cuatro meses, a trav\u00e9s de Instagram,&hellip;<\/p>\n","protected":false},"author":2,"featured_media":1475,"comment_status":"open","ping_status":"open","sticky":false,"template":"","format":"standard","meta":{"footnotes":""},"categories":[290],"tags":[1076,1215,1214,510,1216],"class_list":["post-1474","post","type-post","status-publish","format-standard","has-post-thumbnail","hentry","category-sociedad-y-cultura","tag-bebe","tag-carlos-said","tag-claudia-martin","tag-instagram","tag-maximo"],"_links":{"self":[{"href":"https:\/\/eldiariorepublicamx.com\/index.php?rest_route=\/wp\/v2\/posts\/1474","targetHints":{"allow":["GET"]}}],"collection":[{"href":"https:\/\/eldiariorepublicamx.com\/index.php?rest_route=\/wp\/v2\/posts"}],"about":[{"href":"https:\/\/eldiariorepublicamx.com\/index.php?rest_route=\/wp\/v2\/types\/post"}],"author":[{"embeddable":true,"href":"https:\/\/eldiariorepublicamx.com\/index.php?rest_route=\/wp\/v2\/users\/2"}],"replies":[{"embeddable":true,"href":"https:\/\/eldiariorepublicamx.com\/index.php?rest_route=%2Fwp%2Fv2%2Fcomments&post=1474"}],"version-history":[{"count":0,"href":"https:\/\/eldiariorepublicamx.com\/index.php?rest_route=\/wp\/v2\/posts\/1474\/revisions"}],"wp:featuredmedia":[{"embeddable":true,"href":"https:\/\/eldiariorepublicamx.com\/index.php?rest_route=\/wp\/v2\/media\/1475"}],"wp:attachment":[{"href":"https:\/\/eldiariorepublicamx.com\/index.php?rest_route=%2Fwp%2Fv2%2Fmedia&parent=1474"}],"wp:term":[{"taxonomy":"category","embeddable":true,"href":"https:\/\/eldiariorepublicamx.com\/index.php?rest_route=%2Fwp%2Fv2%2Fcategories&post=1474"},{"taxonomy":"post_tag","embeddable":true,"href":"https:\/\/eldiariorepublicamx.com\/index.php?rest_route=%2Fwp%2Fv2%2Ftags&post=1474"}],"curies":[{"name":"wp","href":"https:\/\/api.w.org\/{rel}","templated":true}]}}