{"id":1469,"date":"2026-04-27T20:16:20","date_gmt":"2026-04-28T02:16:20","guid":{"rendered":"https:\/\/eldiariorepublicamx.com\/?p=1469"},"modified":"2026-04-27T20:16:21","modified_gmt":"2026-04-28T02:16:21","slug":"la-patria-se-defiende-el-mensaje-firme-de-nuestra-presidenta-sheinbaum","status":"publish","type":"post","link":"https:\/\/eldiariorepublicamx.com\/?p=1469","title":{"rendered":"&#8220;La patria se defiende&#8221;: el mensaje firme de nuestra presidenta Sheinbaum"},"content":{"rendered":"\n<p>Con la firmeza que caracteriza su gobierno, <strong>nuestra presidenta Claudia Sheinbaum<\/strong> volvi\u00f3 a recordarle a M\u00e9xico y al mundo que <strong>la soberan\u00eda de la patria no se negocia<\/strong>. Hoy desde Palacio Nacional, la mandataria fue directa con las familias mexicanas y reafirm\u00f3 que <strong>&#8220;a la presidenta de M\u00e9xico le corresponde la defensa de la soberan\u00eda nacional&#8221;<\/strong>.<\/p>\n\n\n\n<h4 class=\"wp-block-heading\"><strong>La soberan\u00eda nace del pueblo<\/strong><\/h4>\n\n\n\n<p>Nuestra presidenta lo tiene claro desde la ra\u00edz: la soberan\u00eda est\u00e1 escrita en el <strong>Art\u00edculo 39 de la Constituci\u00f3n<\/strong>, una idea que viene desde los <strong>Sentimientos de la Naci\u00f3n de Morelos<\/strong>: <strong>&#8220;la soberan\u00eda dimana del pueblo&#8221;<\/strong>. Desde la <strong>Independencia<\/strong>, pasando por la <strong>Reforma<\/strong> y la <strong>Revoluci\u00f3n<\/strong>, la historia de M\u00e9xico es la historia de un pueblo que <strong>nunca se ha rendido<\/strong>. Esa misma fuerza es la que hoy gu\u00eda a nuestra presidenta.<\/p>\n\n\n\n<h4 class=\"wp-block-heading\"><strong>Los cuatro principios que nuestra presidenta no negocia<\/strong><\/h4>\n\n\n\n<p>Sheinbaum reiter\u00f3 los <strong>cuatro ejes<\/strong> que rigen la relaci\u00f3n de M\u00e9xico con cualquier gobierno extranjero: <strong>respeto a la soberan\u00eda e integridad territorial, responsabilidad compartida y diferenciada, respeto y confianza mutua, y cooperaci\u00f3n sin subordinaci\u00f3n<\/strong>. Una postura clara, digna y a la altura de la patria.<\/p>\n\n\n\n<p>Nuestra presidenta tambi\u00e9n confirm\u00f3 que s\u00ed hay personal de Estados Unidos acreditado trabajando en M\u00e9xico, dentro de los acuerdos bilaterales, pero <strong>todos deben cumplir la Ley de Seguridad Nacional, sin excepci\u00f3n<\/strong>. La cooperaci\u00f3n con el vecino del norte contin\u00faa, pero <strong>siempre con dignidad, con respeto y dentro de la ley<\/strong>.<\/p>\n\n\n\n<h4 class=\"wp-block-heading\"><strong>Las familias mexicanas merecen claridad<\/strong><\/h4>\n\n\n\n<p>Lo ocurrido en Chihuahua <strong>no cumpli\u00f3 ninguna regla<\/strong>, y las familias mexicanas merecen saber qui\u00e9n lo permiti\u00f3. La respuesta de Sheinbaum fue sin rodeos: <strong>&#8220;O fue la Fiscal\u00eda del Estado o fue el secretario de Seguridad estatal, no hay de otra.&#8221;<\/strong> La gobernadora <strong>Maru Campos<\/strong> y el fiscal <strong>C\u00e9sar J\u00e1uregui<\/strong> ya fueron citados al <strong>Senado<\/strong>. La <strong>Fiscal\u00eda General de la Rep\u00fablica<\/strong> lleva el caso y la <strong>Secretar\u00eda de Relaciones Exteriores<\/strong> entreg\u00f3 <strong>nota diplom\u00e1tica<\/strong> a la Embajada de Estados Unidos.<\/p>\n\n\n\n<h4 class=\"wp-block-heading\"><strong>La patria est\u00e1 por encima de los partidos<\/strong><\/h4>\n\n\n\n<p>Nuestra presidenta llam\u00f3 a la oposici\u00f3n a <strong>dejar de politizar un asunto que le pertenece a todo el pueblo<\/strong>: <strong>&#8220;No es disputa de partidos, es defensa de la soberan\u00eda.&#8221;<\/strong> Y ante los reportes de que Washington buscar\u00eda meterse en la lucha anticorrupci\u00f3n de M\u00e9xico, fue igual de clara: <strong>&#8220;La lucha contra la corrupci\u00f3n le corresponde a M\u00e9xico, a la Fiscal\u00eda General de la Rep\u00fablica.&#8221;<\/strong> Con evidencias y con instituciones mexicanas, <strong>no con presiones externas<\/strong>.Con esta postura, <strong>nuestra presidenta<\/strong> vuelve a demostrar que la <strong>Cuarta Transformaci\u00f3n<\/strong> se construye con dignidad, con principios y con un solo norte: <strong>el pueblo de M\u00e9xico<\/strong>.<\/p>\n","protected":false},"excerpt":{"rendered":"<p>Con la firmeza que caracteriza su gobierno, nuestra presidenta Claudia Sheinbaum volvi\u00f3 a recordarle a M\u00e9xico y al mundo que la soberan\u00eda de la patria&hellip;<\/p>\n","protected":false},"author":5,"featured_media":1470,"comment_status":"open","ping_status":"open","sticky":false,"template":"","format":"standard","meta":{"footnotes":""},"categories":[251],"tags":[13,404,45,18],"class_list":["post-1469","post","type-post","status-publish","format-standard","has-post-thumbnail","hentry","category-la-mananera-en-breve","tag-claudia-sheinbaum","tag-mananera","tag-mexico","tag-morena"],"_links":{"self":[{"href":"https:\/\/eldiariorepublicamx.com\/index.php?rest_route=\/wp\/v2\/posts\/1469","targetHints":{"allow":["GET"]}}],"collection":[{"href":"https:\/\/eldiariorepublicamx.com\/index.php?rest_route=\/wp\/v2\/posts"}],"about":[{"href":"https:\/\/eldiariorepublicamx.com\/index.php?rest_route=\/wp\/v2\/types\/post"}],"author":[{"embeddable":true,"href":"https:\/\/eldiariorepublicamx.com\/index.php?rest_route=\/wp\/v2\/users\/5"}],"replies":[{"embeddable":true,"href":"https:\/\/eldiariorepublicamx.com\/index.php?rest_route=%2Fwp%2Fv2%2Fcomments&post=1469"}],"version-history":[{"count":1,"href":"https:\/\/eldiariorepublicamx.com\/index.php?rest_route=\/wp\/v2\/posts\/1469\/revisions"}],"predecessor-version":[{"id":1471,"href":"https:\/\/eldiariorepublicamx.com\/index.php?rest_route=\/wp\/v2\/posts\/1469\/revisions\/1471"}],"wp:featuredmedia":[{"embeddable":true,"href":"https:\/\/eldiariorepublicamx.com\/index.php?rest_route=\/wp\/v2\/media\/1470"}],"wp:attachment":[{"href":"https:\/\/eldiariorepublicamx.com\/index.php?rest_route=%2Fwp%2Fv2%2Fmedia&parent=1469"}],"wp:term":[{"taxonomy":"category","embeddable":true,"href":"https:\/\/eldiariorepublicamx.com\/index.php?rest_route=%2Fwp%2Fv2%2Fcategories&post=1469"},{"taxonomy":"post_tag","embeddable":true,"href":"https:\/\/eldiariorepublicamx.com\/index.php?rest_route=%2Fwp%2Fv2%2Ftags&post=1469"}],"curies":[{"name":"wp","href":"https:\/\/api.w.org\/{rel}","templated":true}]}}