{"id":1460,"date":"2026-04-27T12:26:21","date_gmt":"2026-04-27T18:26:21","guid":{"rendered":"https:\/\/eldiariorepublicamx.com\/?p=1460"},"modified":"2026-04-27T12:26:21","modified_gmt":"2026-04-27T18:26:21","slug":"condena-sheinbaum-ataque-a-trump-y-rechaza-la-violencia-politica","status":"publish","type":"post","link":"https:\/\/eldiariorepublicamx.com\/?p=1460","title":{"rendered":"Condena Sheinbaum ataque a Trump y rechaza la violencia pol\u00edtica"},"content":{"rendered":"<p>La presidenta de M\u00e9xico, Claudia Sheinbaum, reiter\u00f3 su condena al ataque sufrido por el presidente de Estados Unidos, Donald Trump, y afirm\u00f3 que la violencia nunca debe ser una opci\u00f3n pol\u00edtica. La mandataria se pronunci\u00f3 este 27 de abril durante su conferencia matutina desde Palacio Nacional.<\/p>\n<h3>Democracia como alternativa<\/h3>\n<p>Sheinbaum enfatiz\u00f3 que las diferencias deben resolverse a trav\u00e9s de los mecanismos democr\u00e1ticos y no mediante actos violentos. &#8220;Debemos estar en contra de la violencia pol\u00edtica, la democracia es la forma de resolver las diferencias, no podemos apoyar nunca un acto violento&#8221;, declar\u00f3 la mandataria federal.<\/p>\n<h3>Solidaridad de M\u00e9xico<\/h3>\n<p>La presidenta record\u00f3 que M\u00e9xico fue el primer pa\u00eds en expresar solidaridad y condenar el atentado en contra del mandatario estadounidense, ocurrido el pasado s\u00e1bado 25 de abril dentro de la Casa Blanca.<\/p>\n","protected":false},"excerpt":{"rendered":"<p>La presidenta de M\u00e9xico, Claudia Sheinbaum, reiter\u00f3 su condena al ataque sufrido por el presidente de Estados Unidos, Donald Trump, y afirm\u00f3 que la violencia&hellip;<\/p>\n","protected":false},"author":2,"featured_media":1461,"comment_status":"open","ping_status":"open","sticky":false,"template":"","format":"standard","meta":{"footnotes":""},"categories":[53,252],"tags":[13,1208,40,515,1207],"class_list":["post-1460","post","type-post","status-publish","format-standard","has-post-thumbnail","hentry","category-agenda-internacional","category-agenda-nacional","tag-claudia-sheinbaum","tag-condena","tag-donald-trump","tag-solidaridad","tag-violencia-politica"],"_links":{"self":[{"href":"https:\/\/eldiariorepublicamx.com\/index.php?rest_route=\/wp\/v2\/posts\/1460","targetHints":{"allow":["GET"]}}],"collection":[{"href":"https:\/\/eldiariorepublicamx.com\/index.php?rest_route=\/wp\/v2\/posts"}],"about":[{"href":"https:\/\/eldiariorepublicamx.com\/index.php?rest_route=\/wp\/v2\/types\/post"}],"author":[{"embeddable":true,"href":"https:\/\/eldiariorepublicamx.com\/index.php?rest_route=\/wp\/v2\/users\/2"}],"replies":[{"embeddable":true,"href":"https:\/\/eldiariorepublicamx.com\/index.php?rest_route=%2Fwp%2Fv2%2Fcomments&post=1460"}],"version-history":[{"count":0,"href":"https:\/\/eldiariorepublicamx.com\/index.php?rest_route=\/wp\/v2\/posts\/1460\/revisions"}],"wp:featuredmedia":[{"embeddable":true,"href":"https:\/\/eldiariorepublicamx.com\/index.php?rest_route=\/wp\/v2\/media\/1461"}],"wp:attachment":[{"href":"https:\/\/eldiariorepublicamx.com\/index.php?rest_route=%2Fwp%2Fv2%2Fmedia&parent=1460"}],"wp:term":[{"taxonomy":"category","embeddable":true,"href":"https:\/\/eldiariorepublicamx.com\/index.php?rest_route=%2Fwp%2Fv2%2Fcategories&post=1460"},{"taxonomy":"post_tag","embeddable":true,"href":"https:\/\/eldiariorepublicamx.com\/index.php?rest_route=%2Fwp%2Fv2%2Ftags&post=1460"}],"curies":[{"name":"wp","href":"https:\/\/api.w.org\/{rel}","templated":true}]}}